{"id":16261,"date":"2025-03-24T13:34:47","date_gmt":"2025-03-24T19:34:47","guid":{"rendered":"https:\/\/cronicadesoledad.com\/?p=16261"},"modified":"2025-03-24T13:34:48","modified_gmt":"2025-03-24T19:34:48","slug":"trump-redefine-su-estrategia-arancelaria-antes-del-2-de-abril","status":"publish","type":"post","link":"https:\/\/cronicadesoledad.com\/index.php\/2025\/03\/24\/trump-redefine-su-estrategia-arancelaria-antes-del-2-de-abril\/","title":{"rendered":"Trump redefine su estrategia arancelaria antes del 2 de abril"},"content":{"rendered":"\n<p>Estados Unidos est\u00e1 ajustando su estrategia comercial y podr\u00eda reducir el alcance de los aranceles que planea anunciar el 2 de abril. Seg\u00fan informes de Bloomberg y The Wall Street Journal, la Casa Blanca busca aplicar grav\u00e1menes de forma m\u00e1s espec\u00edfica, evitando una escalada inmediata en la guerra comercial promovida por el gobierno de Donald Trump.<\/p>\n\n\n\n<p>El paquete arancelario incluir\u00eda impuestos rec\u00edprocos dirigidos a ciertos sectores estrat\u00e9gicos, como el automotriz, los semiconductores y el farmac\u00e9utico. Sin embargo, los aranceles generales para estos sectores no estar\u00edan listos para la fecha anunciada. Trump, quien ha denominado el 2 de abril como el \u201cD\u00eda de la liberaci\u00f3n\u201d, se enfocar\u00e1 en imponer medidas contra naciones con super\u00e1vit comercial con Estados Unidos, mientras que algunos pa\u00edses inicialmente se\u00f1alados podr\u00edan quedar fuera de las restricciones.<\/p>\n\n\n\n<p>Lo que sigue sin definirse es el futuro de los aranceles adicionales contra M\u00e9xico y Canad\u00e1. Estos fueron congelados en marzo tras negociaciones con ambos gobiernos sobre temas migratorios y el combate al tr\u00e1fico de fentanilo. La incertidumbre persiste sobre si estas restricciones se reactivar\u00e1n o si Washington mantendr\u00e1 una postura flexible ante sus socios del T-MEC.<\/p>\n\n\n\n<p>La noticia de un posible ajuste en la pol\u00edtica arancelaria ha generado alivio en los mercados financieros, con Wall Street registrando avances en sus principales indicadores. Desde su regreso a la presidencia el 20 de enero, Trump ha impulsado una estrategia comercial basada en la presi\u00f3n arancelaria, buscando atraer inversi\u00f3n y reducir los d\u00e9ficits comerciales que considera perjudiciales para Estados Unidos.<\/p>\n","protected":false},"excerpt":{"rendered":"<p>Estados Unidos est\u00e1 ajustando su estrategia comercial y podr\u00eda reducir el alcance de los aranceles que planea anunciar el 2 de abril. Seg\u00fan informes de Bloomberg y The Wall Street Journal, la Casa Blanca busca aplicar grav\u00e1menes de forma m\u00e1s espec\u00edfica, evitando una escalada inmediata en la guerra comercial promovida por el gobierno de Donald [&hellip;]<\/p>\n","protected":false},"author":1,"featured_media":16262,"comment_status":"open","ping_status":"open","sticky":false,"template":"","format":"standard","meta":{"footnotes":""},"categories":[30,24],"tags":[3270,2870,1198,288,294,261,27,3649],"class_list":{"0":"post-16261","1":"post","2":"type-post","3":"status-publish","4":"format-standard","5":"has-post-thumbnail","7":"category-de-la-region-centro","8":"category-informacion-general","9":"tag-aranceles","10":"tag-donald-trump","11":"tag-estados-unidos","12":"tag-internacional","13":"tag-san-luis","14":"tag-slp","15":"tag-soledad","16":"tag-t-mec"},"_links":{"self":[{"href":"https:\/\/cronicadesoledad.com\/index.php\/wp-json\/wp\/v2\/posts\/16261","targetHints":{"allow":["GET"]}}],"collection":[{"href":"https:\/\/cronicadesoledad.com\/index.php\/wp-json\/wp\/v2\/posts"}],"about":[{"href":"https:\/\/cronicadesoledad.com\/index.php\/wp-json\/wp\/v2\/types\/post"}],"author":[{"embeddable":true,"href":"https:\/\/cronicadesoledad.com\/index.php\/wp-json\/wp\/v2\/users\/1"}],"replies":[{"embeddable":true,"href":"https:\/\/cronicadesoledad.com\/index.php\/wp-json\/wp\/v2\/comments?post=16261"}],"version-history":[{"count":1,"href":"https:\/\/cronicadesoledad.com\/index.php\/wp-json\/wp\/v2\/posts\/16261\/revisions"}],"predecessor-version":[{"id":16263,"href":"https:\/\/cronicadesoledad.com\/index.php\/wp-json\/wp\/v2\/posts\/16261\/revisions\/16263"}],"wp:featuredmedia":[{"embeddable":true,"href":"https:\/\/cronicadesoledad.com\/index.php\/wp-json\/wp\/v2\/media\/16262"}],"wp:attachment":[{"href":"https:\/\/cronicadesoledad.com\/index.php\/wp-json\/wp\/v2\/media?parent=16261"}],"wp:term":[{"taxonomy":"category","embeddable":true,"href":"https:\/\/cronicadesoledad.com\/index.php\/wp-json\/wp\/v2\/categories?post=16261"},{"taxonomy":"post_tag","embeddable":true,"href":"https:\/\/cronicadesoledad.com\/index.php\/wp-json\/wp\/v2\/tags?post=16261"}],"curies":[{"name":"wp","href":"https:\/\/api.w.org\/{rel}","templated":true}]}}