{"id":16280,"date":"2025-03-24T15:03:43","date_gmt":"2025-03-24T21:03:43","guid":{"rendered":"https:\/\/cronicadesoledad.com\/?p=16280"},"modified":"2025-03-24T15:03:43","modified_gmt":"2025-03-24T21:03:43","slug":"la-pila-celebra-la-primavera-con-actividades-para-ninos","status":"publish","type":"post","link":"https:\/\/cronicadesoledad.com\/index.php\/2025\/03\/24\/la-pila-celebra-la-primavera-con-actividades-para-ninos\/","title":{"rendered":"La Pila celebra la primavera con actividades para ni\u00f1os"},"content":{"rendered":"\n<p>El inicio de la primavera fue conmemorado en la Delegaci\u00f3n La Pila con una serie de actividades que promovieron el desarrollo infantil y el cuidado del medio ambiente, organizadas por diversas dependencias del Gobierno Municipal.<\/p>\n\n\n\n<p>Los ni\u00f1os del k\u00ednder Guty C\u00e1rdenas participaron en una jornada de siembra de \u00e1rboles en la plaza principal, vestidos como animales relacionados con la temporada. Este evento no solo foment\u00f3 el amor por la naturaleza, sino que tambi\u00e9n fortaleci\u00f3 la conexi\u00f3n de los peque\u00f1os con su entorno y los espacios p\u00fablicos.<\/p>\n\n\n\n<p>A trav\u00e9s de la Direcci\u00f3n de Educaci\u00f3n y el programa Aprendim\u00f3vil, se realizaron actividades educativas para incentivar la lectura y el aprendizaje, ofreciendo a los ni\u00f1os herramientas para estimular su creatividad.<\/p>\n\n\n\n<p>La celebraci\u00f3n estuvo marcada por un ambiente festivo, en el que los ni\u00f1os recibieron juguetes y regalos, fortaleciendo el sentido de comunidad.<\/p>\n\n\n\n<p>Se destac\u00f3 que este tipo de actividades son parte de la visi\u00f3n del Alcalde Enrique Galindo Ceballos y la Presidenta del DIF Municipal, Estela Arriaga M\u00e1rquez, quienes han impulsado diversas iniciativas para el bienestar y desarrollo integral de las familias potosinas.<\/p>\n","protected":false},"excerpt":{"rendered":"<p>El inicio de la primavera fue conmemorado en la Delegaci\u00f3n La Pila con una serie de actividades que promovieron el desarrollo infantil y el cuidado del medio ambiente, organizadas por diversas dependencias del Gobierno Municipal. Los ni\u00f1os del k\u00ednder Guty C\u00e1rdenas participaron en una jornada de siembra de \u00e1rboles en la plaza principal, vestidos como [&hellip;]<\/p>\n","protected":false},"author":1,"featured_media":16281,"comment_status":"open","ping_status":"open","sticky":false,"template":"","format":"standard","meta":{"footnotes":""},"categories":[30,24],"tags":[747,3655,3529,177,294,261,27],"class_list":{"0":"post-16280","1":"post","2":"type-post","3":"status-publish","4":"format-standard","5":"has-post-thumbnail","7":"category-de-la-region-centro","8":"category-informacion-general","9":"tag-actividades","10":"tag-delegacion-la-pila","11":"tag-primavera","12":"tag-ricardo-gallardo","13":"tag-san-luis","14":"tag-slp","15":"tag-soledad"},"_links":{"self":[{"href":"https:\/\/cronicadesoledad.com\/index.php\/wp-json\/wp\/v2\/posts\/16280","targetHints":{"allow":["GET"]}}],"collection":[{"href":"https:\/\/cronicadesoledad.com\/index.php\/wp-json\/wp\/v2\/posts"}],"about":[{"href":"https:\/\/cronicadesoledad.com\/index.php\/wp-json\/wp\/v2\/types\/post"}],"author":[{"embeddable":true,"href":"https:\/\/cronicadesoledad.com\/index.php\/wp-json\/wp\/v2\/users\/1"}],"replies":[{"embeddable":true,"href":"https:\/\/cronicadesoledad.com\/index.php\/wp-json\/wp\/v2\/comments?post=16280"}],"version-history":[{"count":1,"href":"https:\/\/cronicadesoledad.com\/index.php\/wp-json\/wp\/v2\/posts\/16280\/revisions"}],"predecessor-version":[{"id":16282,"href":"https:\/\/cronicadesoledad.com\/index.php\/wp-json\/wp\/v2\/posts\/16280\/revisions\/16282"}],"wp:featuredmedia":[{"embeddable":true,"href":"https:\/\/cronicadesoledad.com\/index.php\/wp-json\/wp\/v2\/media\/16281"}],"wp:attachment":[{"href":"https:\/\/cronicadesoledad.com\/index.php\/wp-json\/wp\/v2\/media?parent=16280"}],"wp:term":[{"taxonomy":"category","embeddable":true,"href":"https:\/\/cronicadesoledad.com\/index.php\/wp-json\/wp\/v2\/categories?post=16280"},{"taxonomy":"post_tag","embeddable":true,"href":"https:\/\/cronicadesoledad.com\/index.php\/wp-json\/wp\/v2\/tags?post=16280"}],"curies":[{"name":"wp","href":"https:\/\/api.w.org\/{rel}","templated":true}]}}