{"id":16295,"date":"2025-03-24T17:00:00","date_gmt":"2025-03-24T23:00:00","guid":{"rendered":"https:\/\/cronicadesoledad.com\/?p=16295"},"modified":"2025-03-24T15:58:21","modified_gmt":"2025-03-24T21:58:21","slug":"villa-de-pozos-implementa-acciones-para-el-mantenimiento-del-drenaje","status":"publish","type":"post","link":"https:\/\/cronicadesoledad.com\/index.php\/2025\/03\/24\/villa-de-pozos-implementa-acciones-para-el-mantenimiento-del-drenaje\/","title":{"rendered":"Villa de Pozos implementa acciones para el mantenimiento del drenaje"},"content":{"rendered":"\n<p>Para mejorar el funcionamiento del sistema de alcantarillado y reducir el riesgo de obstrucciones e inundaciones, el Gobierno de Villa de Pozos lleva a cabo un programa de desazolve a trav\u00e9s de la Direcci\u00f3n de Infraestructura. Desde la transici\u00f3n a municipio, esta iniciativa ha permitido atender m\u00e1s de cien reportes ciudadanos relacionados con problemas en el drenaje.<\/p>\n\n\n\n<p>Jos\u00e9 Antonio Rodr\u00edguez Rangel, director de Infraestructura, inform\u00f3 que esta medida responde a las indicaciones de la Presidenta Concejal, Teresa Rivera Acevedo, para atender de manera oportuna los problemas en el sistema de alcantarillado. Se\u00f1al\u00f3 que algunas de las zonas con mayor demanda de atenci\u00f3n son Prados Segunda Secci\u00f3n y la Cabecera Municipal, debido a la falta de mantenimiento e infraestructura.<\/p>\n\n\n\n<p>Desde la creaci\u00f3n del municipio el 1 de octubre, el gobierno local ha trabajado en la atenci\u00f3n de estas solicitudes, incluyendo aquellas provenientes de diversas instituciones educativas. Adem\u00e1s, se han identificado puntos cr\u00edticos, como la zona de Plaza Ciudad 2000, donde el drenaje se ve afectado con frecuencia. Para agilizar las labores de limpieza, se han utilizado equipos vactor con el fin de evitar afectaciones mayores.<\/p>\n","protected":false},"excerpt":{"rendered":"<p>Para mejorar el funcionamiento del sistema de alcantarillado y reducir el riesgo de obstrucciones e inundaciones, el Gobierno de Villa de Pozos lleva a cabo un programa de desazolve a trav\u00e9s de la Direcci\u00f3n de Infraestructura. Desde la transici\u00f3n a municipio, esta iniciativa ha permitido atender m\u00e1s de cien reportes ciudadanos relacionados con problemas en [&hellip;]<\/p>\n","protected":false},"author":1,"featured_media":16296,"comment_status":"open","ping_status":"open","sticky":false,"template":"","format":"standard","meta":{"footnotes":""},"categories":[24,3175],"tags":[1632,1245,294,261,1068],"class_list":{"0":"post-16295","1":"post","2":"type-post","3":"status-publish","4":"format-standard","5":"has-post-thumbnail","7":"category-informacion-general","8":"category-pozos","9":"tag-drenaje","10":"tag-infraestructura","11":"tag-san-luis","12":"tag-slp","13":"tag-villa-de-pozos"},"_links":{"self":[{"href":"https:\/\/cronicadesoledad.com\/index.php\/wp-json\/wp\/v2\/posts\/16295","targetHints":{"allow":["GET"]}}],"collection":[{"href":"https:\/\/cronicadesoledad.com\/index.php\/wp-json\/wp\/v2\/posts"}],"about":[{"href":"https:\/\/cronicadesoledad.com\/index.php\/wp-json\/wp\/v2\/types\/post"}],"author":[{"embeddable":true,"href":"https:\/\/cronicadesoledad.com\/index.php\/wp-json\/wp\/v2\/users\/1"}],"replies":[{"embeddable":true,"href":"https:\/\/cronicadesoledad.com\/index.php\/wp-json\/wp\/v2\/comments?post=16295"}],"version-history":[{"count":1,"href":"https:\/\/cronicadesoledad.com\/index.php\/wp-json\/wp\/v2\/posts\/16295\/revisions"}],"predecessor-version":[{"id":16297,"href":"https:\/\/cronicadesoledad.com\/index.php\/wp-json\/wp\/v2\/posts\/16295\/revisions\/16297"}],"wp:featuredmedia":[{"embeddable":true,"href":"https:\/\/cronicadesoledad.com\/index.php\/wp-json\/wp\/v2\/media\/16296"}],"wp:attachment":[{"href":"https:\/\/cronicadesoledad.com\/index.php\/wp-json\/wp\/v2\/media?parent=16295"}],"wp:term":[{"taxonomy":"category","embeddable":true,"href":"https:\/\/cronicadesoledad.com\/index.php\/wp-json\/wp\/v2\/categories?post=16295"},{"taxonomy":"post_tag","embeddable":true,"href":"https:\/\/cronicadesoledad.com\/index.php\/wp-json\/wp\/v2\/tags?post=16295"}],"curies":[{"name":"wp","href":"https:\/\/api.w.org\/{rel}","templated":true}]}}