{"id":16319,"date":"2025-03-24T22:35:41","date_gmt":"2025-03-25T04:35:41","guid":{"rendered":"https:\/\/cronicadesoledad.com\/?p=16319"},"modified":"2025-03-24T22:35:41","modified_gmt":"2025-03-25T04:35:41","slug":"cierre-temporal-de-carril-lateral-en-circuito-potosi-por-construccion-de-puente-vehicular","status":"publish","type":"post","link":"https:\/\/cronicadesoledad.com\/index.php\/2025\/03\/24\/cierre-temporal-de-carril-lateral-en-circuito-potosi-por-construccion-de-puente-vehicular\/","title":{"rendered":"Cierre temporal de carril lateral en Circuito Potos\u00ed por construcci\u00f3n de puente vehicular"},"content":{"rendered":"\n<p>A partir de este lunes, el carril lateral de Circuito Potos\u00ed Oriente, frente a la colonia Cactus, ha quedado inhabilitado debido al inicio de los trabajos para la construcci\u00f3n de un puente vehicular elevado. La Secretar\u00eda de Seguridad Vial y Movilidad de Soledad de Graciano S\u00e1nchez inform\u00f3 que, aunque esta parte de la v\u00eda estar\u00e1 cerrada, los carriles centrales seguir\u00e1n abiertos y en funcionamiento normal, garantizando la circulaci\u00f3n sin interrupciones para los automovilistas.<\/p>\n\n\n\n<p>El acceso a la Avenida Cactus permanecer\u00e1 disponible, lo que permitir\u00e1 a los residentes de la zona ingresar sin inconvenientes. Esta v\u00eda tambi\u00e9n ser\u00e1 utilizada como una ruta alternativa durante el desarrollo de las obras, lo que ayudar\u00e1 a descongestionar el tr\u00e1fico en la zona.<\/p>\n\n\n\n<p>Para mantener el orden y la seguridad vial durante el cierre temporal, se ha dispuesto la presencia de oficiales de tr\u00e1nsito en el \u00e1rea. Los agentes estar\u00e1n encargados de agilizar el flujo vehicular y brindar apoyo a los conductores que necesiten orientaci\u00f3n. La Secretar\u00eda de Seguridad Vial exhorta a los automovilistas a tomar precauciones y seguir las indicaciones de la autoridad mientras duren los trabajos en esta importante v\u00eda.<\/p>\n","protected":false},"excerpt":{"rendered":"<p>A partir de este lunes, el carril lateral de Circuito Potos\u00ed Oriente, frente a la colonia Cactus, ha quedado inhabilitado debido al inicio de los trabajos para la construcci\u00f3n de un puente vehicular elevado. La Secretar\u00eda de Seguridad Vial y Movilidad de Soledad de Graciano S\u00e1nchez inform\u00f3 que, aunque esta parte de la v\u00eda estar\u00e1 [&hellip;]<\/p>\n","protected":false},"author":1,"featured_media":16320,"comment_status":"open","ping_status":"open","sticky":false,"template":"","format":"standard","meta":{"footnotes":""},"categories":[24,3080,21],"tags":[2960,3663,2087,261,27],"class_list":{"0":"post-16319","1":"post","2":"type-post","3":"status-publish","4":"format-standard","5":"has-post-thumbnail","7":"category-informacion-general","8":"category-slp","9":"category-tu-soledad","10":"tag-circuito-potosi","11":"tag-colonia-cactus","12":"tag-puente-vehicular","13":"tag-slp","14":"tag-soledad"},"_links":{"self":[{"href":"https:\/\/cronicadesoledad.com\/index.php\/wp-json\/wp\/v2\/posts\/16319","targetHints":{"allow":["GET"]}}],"collection":[{"href":"https:\/\/cronicadesoledad.com\/index.php\/wp-json\/wp\/v2\/posts"}],"about":[{"href":"https:\/\/cronicadesoledad.com\/index.php\/wp-json\/wp\/v2\/types\/post"}],"author":[{"embeddable":true,"href":"https:\/\/cronicadesoledad.com\/index.php\/wp-json\/wp\/v2\/users\/1"}],"replies":[{"embeddable":true,"href":"https:\/\/cronicadesoledad.com\/index.php\/wp-json\/wp\/v2\/comments?post=16319"}],"version-history":[{"count":1,"href":"https:\/\/cronicadesoledad.com\/index.php\/wp-json\/wp\/v2\/posts\/16319\/revisions"}],"predecessor-version":[{"id":16321,"href":"https:\/\/cronicadesoledad.com\/index.php\/wp-json\/wp\/v2\/posts\/16319\/revisions\/16321"}],"wp:featuredmedia":[{"embeddable":true,"href":"https:\/\/cronicadesoledad.com\/index.php\/wp-json\/wp\/v2\/media\/16320"}],"wp:attachment":[{"href":"https:\/\/cronicadesoledad.com\/index.php\/wp-json\/wp\/v2\/media?parent=16319"}],"wp:term":[{"taxonomy":"category","embeddable":true,"href":"https:\/\/cronicadesoledad.com\/index.php\/wp-json\/wp\/v2\/categories?post=16319"},{"taxonomy":"post_tag","embeddable":true,"href":"https:\/\/cronicadesoledad.com\/index.php\/wp-json\/wp\/v2\/tags?post=16319"}],"curies":[{"name":"wp","href":"https:\/\/api.w.org\/{rel}","templated":true}]}}