{"id":16324,"date":"2025-03-25T13:41:04","date_gmt":"2025-03-25T19:41:04","guid":{"rendered":"https:\/\/cronicadesoledad.com\/?p=16324"},"modified":"2025-03-25T13:41:05","modified_gmt":"2025-03-25T19:41:05","slug":"capturan-a-presunto-reclutador-del-cjng-y-a-expolicias-ligados-a-desapariciones-en-jalisco","status":"publish","type":"post","link":"https:\/\/cronicadesoledad.com\/index.php\/2025\/03\/25\/capturan-a-presunto-reclutador-del-cjng-y-a-expolicias-ligados-a-desapariciones-en-jalisco\/","title":{"rendered":"Capturan a presunto reclutador del CJNG y a expolic\u00edas ligados a desapariciones en Jalisco"},"content":{"rendered":"\n<p>Las autoridades federales detuvieron a varias personas vinculadas con actividades il\u00edcitas en el Rancho Izaguirre, en Teuchitl\u00e1n, Jalisco, un sitio se\u00f1alado como centro de reclutamiento y exterminio operado por el C\u00e1rtel Jalisco Nueva Generaci\u00f3n (CJNG). Entre los arrestados se encuentra Jos\u00e9 Gregorio Lastra Hermida, alias &#8220;El Lastra&#8221;, identificado como presunto l\u00edder de una c\u00e9lula del c\u00e1rtel dedicada al reclutamiento y adiestramiento de personas.<\/p>\n\n\n\n<p>Junto a \u00e9l fueron detenidos dos expolic\u00edas municipales de Tala, Jalisco: Gabriel &#8220;N&#8221;, de 22 a\u00f1os, y Jos\u00e9 Antonio Sol\u00eds Nava, quienes son investigados por su presunta participaci\u00f3n en la desaparici\u00f3n forzada de personas en el rancho. Durante la conferencia matutina del gobierno federal, el secretario de Seguridad, Omar Garc\u00eda Harfuch, confirm\u00f3 que en el lugar se cometieron torturas y asesinatos, reforzando las denuncias sobre la brutalidad con la que opera el grupo criminal.<\/p>\n\n\n\n<p>El caso ha generado una fuerte reacci\u00f3n p\u00fablica al exponer la existencia de sitios clandestinos utilizados por el crimen organizado para la privaci\u00f3n ilegal de la libertad y la ejecuci\u00f3n de v\u00edctimas. La detenci\u00f3n de un l\u00edder operativo y de expolic\u00edas implicados pone en evidencia la infiltraci\u00f3n del c\u00e1rtel en estructuras locales y la complicidad de agentes de seguridad en delitos graves, lo que agrava la crisis de violencia en la regi\u00f3n.<\/p>\n\n\n\n<p>Como parte de las acciones contra el CJNG, el gobierno tambi\u00e9n inform\u00f3 la eliminaci\u00f3n de 39 p\u00e1ginas web utilizadas para el reclutamiento de j\u00f3venes. La estrategia digital del c\u00e1rtel para captar personas a trav\u00e9s de internet hab\u00eda sido identificada previamente, pero su desmantelamiento representa un esfuerzo por frenar su expansi\u00f3n.<\/p>\n\n\n\n<p>El Rancho Izaguirre ya hab\u00eda sido asegurado en septiembre de 2024, cuando la Guardia Nacional y el Ej\u00e9rcito Mexicano rescataron a dos personas y detuvieron a diez individuos. En ese momento no se reportaron hallazgos que revelaran la magnitud de las actividades criminales en el lugar. Sin embargo, el 5 de marzo de 2025, el colectivo Guerreros Buscadores de Jalisco descubri\u00f3 cientos de prendas de vestir, cerca de 200 pares de zapatos, tres crematorios improvisados y restos humanos calcinados, confirmando su uso como un centro de exterminio.<\/p>\n\n\n\n<p>Las reacciones oficiales han sido contundentes. La presidenta Claudia Sheinbaum calific\u00f3 los hallazgos como \u201cterribles\u201d y asegur\u00f3 que tanto el gobierno federal como el estatal trabajar\u00e1n para esclarecer el caso y sancionar a todos los responsables, incluidos funcionarios que puedan estar implicados. En tanto, colectivos de b\u00fasqueda y organizaciones civiles han intensificado sus protestas para exigir justicia y transparencia en las investigaciones, destacando la crisis de desapariciones forzadas en Jalisco y en el resto del pa\u00eds.<\/p>\n\n\n\n<p>Jos\u00e9 Gregorio Lastra Hermida es se\u00f1alado por autoridades de inteligencia como parte del grupo paramilitar de Gonzalo Mendoza Gayt\u00e1n, alias &#8220;El Sapo&#8221;, uno de los l\u00edderes del CJNG. Mendoza Gayt\u00e1n ha sido identificado como responsable intelectual del asesinato del exgobernador de Jalisco, Arist\u00f3teles Sandoval. La captura de &#8220;El Lastra&#8221; representa un golpe a la estructura del c\u00e1rtel, aunque persisten dudas sobre el alcance real de esta operaci\u00f3n en el debilitamiento de su red criminal.<\/p>\n","protected":false},"excerpt":{"rendered":"<p>Las autoridades federales detuvieron a varias personas vinculadas con actividades il\u00edcitas en el Rancho Izaguirre, en Teuchitl\u00e1n, Jalisco, un sitio se\u00f1alado como centro de reclutamiento y exterminio operado por el C\u00e1rtel Jalisco Nueva Generaci\u00f3n (CJNG). Entre los arrestados se encuentra Jos\u00e9 Gregorio Lastra Hermida, alias &#8220;El Lastra&#8221;, identificado como presunto l\u00edder de una c\u00e9lula del [&hellip;]<\/p>\n","protected":false},"author":1,"featured_media":16325,"comment_status":"open","ping_status":"open","sticky":false,"template":"","format":"standard","meta":{"footnotes":""},"categories":[30,24],"tags":[1585,470,287,3664,294,261,27],"class_list":{"0":"post-16324","1":"post","2":"type-post","3":"status-publish","4":"format-standard","5":"has-post-thumbnail","7":"category-de-la-region-centro","8":"category-informacion-general","9":"tag-cjng","10":"tag-detenidos","11":"tag-nacional","12":"tag-rancho-izaguirre","13":"tag-san-luis","14":"tag-slp","15":"tag-soledad"},"_links":{"self":[{"href":"https:\/\/cronicadesoledad.com\/index.php\/wp-json\/wp\/v2\/posts\/16324","targetHints":{"allow":["GET"]}}],"collection":[{"href":"https:\/\/cronicadesoledad.com\/index.php\/wp-json\/wp\/v2\/posts"}],"about":[{"href":"https:\/\/cronicadesoledad.com\/index.php\/wp-json\/wp\/v2\/types\/post"}],"author":[{"embeddable":true,"href":"https:\/\/cronicadesoledad.com\/index.php\/wp-json\/wp\/v2\/users\/1"}],"replies":[{"embeddable":true,"href":"https:\/\/cronicadesoledad.com\/index.php\/wp-json\/wp\/v2\/comments?post=16324"}],"version-history":[{"count":1,"href":"https:\/\/cronicadesoledad.com\/index.php\/wp-json\/wp\/v2\/posts\/16324\/revisions"}],"predecessor-version":[{"id":16326,"href":"https:\/\/cronicadesoledad.com\/index.php\/wp-json\/wp\/v2\/posts\/16324\/revisions\/16326"}],"wp:featuredmedia":[{"embeddable":true,"href":"https:\/\/cronicadesoledad.com\/index.php\/wp-json\/wp\/v2\/media\/16325"}],"wp:attachment":[{"href":"https:\/\/cronicadesoledad.com\/index.php\/wp-json\/wp\/v2\/media?parent=16324"}],"wp:term":[{"taxonomy":"category","embeddable":true,"href":"https:\/\/cronicadesoledad.com\/index.php\/wp-json\/wp\/v2\/categories?post=16324"},{"taxonomy":"post_tag","embeddable":true,"href":"https:\/\/cronicadesoledad.com\/index.php\/wp-json\/wp\/v2\/tags?post=16324"}],"curies":[{"name":"wp","href":"https:\/\/api.w.org\/{rel}","templated":true}]}}