{"id":16339,"date":"2025-03-25T21:20:52","date_gmt":"2025-03-26T03:20:52","guid":{"rendered":"https:\/\/cronicadesoledad.com\/?p=16339"},"modified":"2025-03-25T21:20:52","modified_gmt":"2025-03-26T03:20:52","slug":"cuatro-detenidos-en-soledad-por-posesion-de-drogas-durante-operativos-de-seguridad","status":"publish","type":"post","link":"https:\/\/cronicadesoledad.com\/index.php\/2025\/03\/25\/cuatro-detenidos-en-soledad-por-posesion-de-drogas-durante-operativos-de-seguridad\/","title":{"rendered":"Cuatro detenidos en Soledad por posesi\u00f3n de drogas durante operativos de seguridad"},"content":{"rendered":"\n<p>La Guardia Civil de Soledad, en coordinaci\u00f3n con la Polic\u00eda Municipal, realiz\u00f3 la detenci\u00f3n de una mujer y tres hombres por su presunta posesi\u00f3n de sustancias prohibidas, en acciones ocurridas durante los \u00faltimos d\u00edas en diferentes puntos del municipio.<\/p>\n\n\n\n<p>El primer arresto tuvo lugar en la colonia Praderas del Maurel, sobre la avenida Adolfo L\u00f3pez Mateos, cuando agentes municipales observaron a una mujer alterando el orden p\u00fablico. Tras acercarse a la persona para indicarle que ser\u00eda sancionada, la identificaron como Adriana \u201cN\u201d, de 24 a\u00f1os de edad. Durante la intervenci\u00f3n, los oficiales encontraron en su posesi\u00f3n una dosis de una sustancia blanca granulada que se asemeja al &#8220;cristal&#8221;, una droga sint\u00e9tica.<\/p>\n\n\n\n<p>En una segunda acci\u00f3n, los elementos de seguridad detuvieron a Juan \u201cN\u201d, de 35 a\u00f1os, en la colonia San Francisco, en la calle Rep\u00fablica Dominicana, por incurrir en faltas administrativas en la v\u00eda p\u00fablica. Tras una breve charla con el individuo, se le realiz\u00f3 una revisi\u00f3n en la que se le encontr\u00f3 una bolsa con polvo granulado similar al &#8220;cristal&#8221;.<\/p>\n\n\n\n<p>Finalmente, en la colonia Villas de Cactus, en la calle Cuenca del Pac\u00edfico, dos hombres fueron detenidos luego de una discusi\u00f3n en la v\u00eda p\u00fablica. Los oficiales intervinieron para evitar el altercado y, tras identificarlos como G\u00e9nesis \u201cN\u201d, de 34 a\u00f1os, y Jos\u00e9 \u201cN\u201d, de 30 a\u00f1os, les realizaron una inspecci\u00f3n. A G\u00e9nesis le fue encontrada una bolsa con piedras blancas, similares a la metanfetamina conocida como &#8220;cristal&#8221;, mientras que Jos\u00e9 portaba dos bolsas con la misma sustancia.<\/p>\n\n\n\n<p>Los detenidos fueron puestos a disposici\u00f3n de la autoridad competente para continuar con el proceso legal correspondiente. La Guardia Civil de Soledad refrend\u00f3 su compromiso en la lucha contra el narcotr\u00e1fico y en el mantenimiento del orden en la ciudad.<\/p>\n\n\n\n<p><\/p>\n","protected":false},"excerpt":{"rendered":"<p>La Guardia Civil de Soledad, en coordinaci\u00f3n con la Polic\u00eda Municipal, realiz\u00f3 la detenci\u00f3n de una mujer y tres hombres por su presunta posesi\u00f3n de sustancias prohibidas, en acciones ocurridas durante los \u00faltimos d\u00edas en diferentes puntos del municipio. El primer arresto tuvo lugar en la colonia Praderas del Maurel, sobre la avenida Adolfo L\u00f3pez [&hellip;]<\/p>\n","protected":false},"author":1,"featured_media":16340,"comment_status":"open","ping_status":"open","sticky":false,"template":"","format":"standard","meta":{"footnotes":""},"categories":[24,21],"tags":[470,276,27],"class_list":{"0":"post-16339","1":"post","2":"type-post","3":"status-publish","4":"format-standard","5":"has-post-thumbnail","7":"category-informacion-general","8":"category-tu-soledad","9":"tag-detenidos","10":"tag-seguridad","11":"tag-soledad"},"_links":{"self":[{"href":"https:\/\/cronicadesoledad.com\/index.php\/wp-json\/wp\/v2\/posts\/16339","targetHints":{"allow":["GET"]}}],"collection":[{"href":"https:\/\/cronicadesoledad.com\/index.php\/wp-json\/wp\/v2\/posts"}],"about":[{"href":"https:\/\/cronicadesoledad.com\/index.php\/wp-json\/wp\/v2\/types\/post"}],"author":[{"embeddable":true,"href":"https:\/\/cronicadesoledad.com\/index.php\/wp-json\/wp\/v2\/users\/1"}],"replies":[{"embeddable":true,"href":"https:\/\/cronicadesoledad.com\/index.php\/wp-json\/wp\/v2\/comments?post=16339"}],"version-history":[{"count":1,"href":"https:\/\/cronicadesoledad.com\/index.php\/wp-json\/wp\/v2\/posts\/16339\/revisions"}],"predecessor-version":[{"id":16341,"href":"https:\/\/cronicadesoledad.com\/index.php\/wp-json\/wp\/v2\/posts\/16339\/revisions\/16341"}],"wp:featuredmedia":[{"embeddable":true,"href":"https:\/\/cronicadesoledad.com\/index.php\/wp-json\/wp\/v2\/media\/16340"}],"wp:attachment":[{"href":"https:\/\/cronicadesoledad.com\/index.php\/wp-json\/wp\/v2\/media?parent=16339"}],"wp:term":[{"taxonomy":"category","embeddable":true,"href":"https:\/\/cronicadesoledad.com\/index.php\/wp-json\/wp\/v2\/categories?post=16339"},{"taxonomy":"post_tag","embeddable":true,"href":"https:\/\/cronicadesoledad.com\/index.php\/wp-json\/wp\/v2\/tags?post=16339"}],"curies":[{"name":"wp","href":"https:\/\/api.w.org\/{rel}","templated":true}]}}