{"id":16342,"date":"2025-03-25T21:48:54","date_gmt":"2025-03-26T03:48:54","guid":{"rendered":"https:\/\/cronicadesoledad.com\/?p=16342"},"modified":"2025-03-25T23:21:01","modified_gmt":"2025-03-26T05:21:01","slug":"soledad-avanza-con-la-pavimentacion-de-dos-nuevas-calles","status":"publish","type":"post","link":"https:\/\/cronicadesoledad.com\/index.php\/2025\/03\/25\/soledad-avanza-con-la-pavimentacion-de-dos-nuevas-calles\/","title":{"rendered":"Soledad avanza con la pavimentaci\u00f3n de dos nuevas calles"},"content":{"rendered":"\n<p>Con el objetivo de mejorar la infraestructura urbana y ofrecer una mejor calidad de vida a los ciudadanos, el Gobierno Municipal de Soledad de Graciano S\u00e1nchez ha dado un paso m\u00e1s en su Plan de Pavimentaci\u00f3n Total con el inicio de la rehabilitaci\u00f3n de dos calles clave en la zona urbana. Estas obras, que fueron anunciadas por el alcalde Juan Manuel Navarro Mu\u00f1iz, buscan responder a las necesidades de movilidad y accesibilidad de las familias soledenses.<\/p>\n\n\n\n<p>Esta semana comenzaron los trabajos de pavimentaci\u00f3n en la colonia San Francisco de As\u00eds y en la cabecera municipal, con la colocaci\u00f3n de concreto hidr\u00e1ulico. El titular de la Direcci\u00f3n de Infraestructura Municipal, Jorge Grimaldo Lim\u00f3n, destac\u00f3 que estas obras son parte de un proceso constante de cercan\u00eda con la ciudadan\u00eda, ya que muchas de las solicitudes para realizar estas acciones provienen de peticiones vecinales que el alcalde atiende.<\/p>\n\n\n\n<p>En la colonia San Francisco de As\u00eds, la calle Constituci\u00f3n de 1857 ser\u00e1 rehabilitada, con la instalaci\u00f3n de concreto hidr\u00e1ulico en una extensi\u00f3n de 85 metros lineales. Adem\u00e1s, se realizar\u00e1n trabajos complementarios como la construcci\u00f3n de banquetas y guarniciones, la instalaci\u00f3n de tomas de agua potable, y la se\u00f1alizaci\u00f3n y pintura de la v\u00eda. Esta acci\u00f3n viene despu\u00e9s de la reciente pavimentaci\u00f3n de la calle Lucio Gonz\u00e1lez, lo que contribuye a una mayor conectividad en la zona.<\/p>\n\n\n\n<p>Por otro lado, en la Cabecera Municipal, avanza la pavimentaci\u00f3n de la calle Nardo, donde tambi\u00e9n se instalar\u00e1n los servicios de agua potable y drenaje, lo que mejorar\u00e1 la infraestructura b\u00e1sica en esta zona, adem\u00e1s de aplicar la pintura correspondiente para garantizar una mayor durabilidad de la obra.<\/p>\n\n\n\n<p>El funcionario municipal resalt\u00f3 que el compromiso del Gobierno Municipal es firme y continuo, enfoc\u00e1ndose en cada obra como una soluci\u00f3n integral para las familias soledenses. Cada proyecto de pavimentaci\u00f3n es parte de un esfuerzo m\u00e1s amplio para mejorar la infraestructura del municipio, garantizar mayor seguridad vial y, sobre todo, ofrecer a la ciudadan\u00eda un entorno m\u00e1s c\u00f3modo y funcional.<\/p>\n\n\n\n<p><\/p>\n","protected":false},"excerpt":{"rendered":"<p>Con el objetivo de mejorar la infraestructura urbana y ofrecer una mejor calidad de vida a los ciudadanos, el Gobierno Municipal de Soledad de Graciano S\u00e1nchez ha dado un paso m\u00e1s en su Plan de Pavimentaci\u00f3n Total con el inicio de la rehabilitaci\u00f3n de dos calles clave en la zona urbana. Estas obras, que fueron [&hellip;]<\/p>\n","protected":false},"author":1,"featured_media":16343,"comment_status":"open","ping_status":"open","sticky":false,"template":"","format":"standard","meta":{"footnotes":""},"categories":[1,24,21],"tags":[2214,3667,27],"class_list":{"0":"post-16342","1":"post","2":"type-post","3":"status-publish","4":"format-standard","5":"has-post-thumbnail","7":"category-destacadas","8":"category-informacion-general","9":"category-tu-soledad","10":"tag-juan-manuel-navaroo-muniz","11":"tag-rehabilitacion-de-calles","12":"tag-soledad"},"_links":{"self":[{"href":"https:\/\/cronicadesoledad.com\/index.php\/wp-json\/wp\/v2\/posts\/16342","targetHints":{"allow":["GET"]}}],"collection":[{"href":"https:\/\/cronicadesoledad.com\/index.php\/wp-json\/wp\/v2\/posts"}],"about":[{"href":"https:\/\/cronicadesoledad.com\/index.php\/wp-json\/wp\/v2\/types\/post"}],"author":[{"embeddable":true,"href":"https:\/\/cronicadesoledad.com\/index.php\/wp-json\/wp\/v2\/users\/1"}],"replies":[{"embeddable":true,"href":"https:\/\/cronicadesoledad.com\/index.php\/wp-json\/wp\/v2\/comments?post=16342"}],"version-history":[{"count":1,"href":"https:\/\/cronicadesoledad.com\/index.php\/wp-json\/wp\/v2\/posts\/16342\/revisions"}],"predecessor-version":[{"id":16344,"href":"https:\/\/cronicadesoledad.com\/index.php\/wp-json\/wp\/v2\/posts\/16342\/revisions\/16344"}],"wp:featuredmedia":[{"embeddable":true,"href":"https:\/\/cronicadesoledad.com\/index.php\/wp-json\/wp\/v2\/media\/16343"}],"wp:attachment":[{"href":"https:\/\/cronicadesoledad.com\/index.php\/wp-json\/wp\/v2\/media?parent=16342"}],"wp:term":[{"taxonomy":"category","embeddable":true,"href":"https:\/\/cronicadesoledad.com\/index.php\/wp-json\/wp\/v2\/categories?post=16342"},{"taxonomy":"post_tag","embeddable":true,"href":"https:\/\/cronicadesoledad.com\/index.php\/wp-json\/wp\/v2\/tags?post=16342"}],"curies":[{"name":"wp","href":"https:\/\/api.w.org\/{rel}","templated":true}]}}