{"id":16373,"date":"2025-03-26T14:00:00","date_gmt":"2025-03-26T20:00:00","guid":{"rendered":"https:\/\/cronicadesoledad.com\/?p=16373"},"modified":"2025-03-26T13:37:23","modified_gmt":"2025-03-26T19:37:23","slug":"fuego-sin-control-en-corea-del-sur-deja-24-muertos","status":"publish","type":"post","link":"https:\/\/cronicadesoledad.com\/index.php\/2025\/03\/26\/fuego-sin-control-en-corea-del-sur-deja-24-muertos\/","title":{"rendered":"Fuego sin control en Corea del Sur deja 24 muertos"},"content":{"rendered":"\n<p>Corea del Sur enfrenta una de las peores crisis por incendios forestales en su historia, con al menos 24 personas fallecidas y miles de hect\u00e1reas consumidas por el fuego. Ante la magnitud del desastre, el gobierno ha declarado estado de cat\u00e1strofe a nivel nacional, mientras los equipos de emergencia contin\u00faan con esfuerzos para contener las llamas.<\/p>\n\n\n\n<p>Las provincias m\u00e1s afectadas, Gyeongsang del Norte y Gyeongsang del Sur, han sido escenario de incendios incontrolables durante cinco d\u00edas. M\u00e1s de 5,000 bomberos y 560 aeronaves han sido desplegados, concentrando sus esfuerzos en el condado de Sancheong. Sin embargo, el clima seco y los fuertes vientos han complicado las labores de extinci\u00f3n.<\/p>\n\n\n\n<p>El fuego se origin\u00f3 en Uiseong y ha avanzado r\u00e1pidamente hacia otras localidades como Andong, Cheongsong, Yeongyang y Yeongdeok. La mayor\u00eda de las v\u00edctimas, 20, han sido halladas en Uiseong, mientras que otras cuatro se registraron en Sancheong. Adem\u00e1s, la destrucci\u00f3n ha alcanzado unas 17,000 hect\u00e1reas de bosque, m\u00e1s de 200 viviendas y f\u00e1bricas.<\/p>\n\n\n\n<p>El presidente en funciones, Han Duck Soo, calific\u00f3 los incendios como los peores en la historia del pa\u00eds y orden\u00f3 reforzar las medidas de contenci\u00f3n. La situaci\u00f3n se agrav\u00f3 con la muerte de un piloto de helic\u00f3ptero, cuyo aparato se estrell\u00f3 mientras combat\u00eda el fuego en Uiseong.<\/p>\n\n\n\n<p>Ante la intensidad del desastre, el Ministerio de Justicia traslad\u00f3 a cerca de 500 reclusos de una prisi\u00f3n en Gyeongsang a otros centros penitenciarios, evitando riesgos mayores. Inicialmente, se consider\u00f3 evacuar a 3,500 internos, pero la medida se redujo a la poblaci\u00f3n carcelaria m\u00e1s vulnerable.<\/p>\n","protected":false},"excerpt":{"rendered":"<p>Corea del Sur enfrenta una de las peores crisis por incendios forestales en su historia, con al menos 24 personas fallecidas y miles de hect\u00e1reas consumidas por el fuego. Ante la magnitud del desastre, el gobierno ha declarado estado de cat\u00e1strofe a nivel nacional, mientras los equipos de emergencia contin\u00faan con esfuerzos para contener las [&hellip;]<\/p>\n","protected":false},"author":1,"featured_media":16374,"comment_status":"open","ping_status":"open","sticky":false,"template":"","format":"standard","meta":{"footnotes":""},"categories":[30,24],"tags":[904,2093,288,2905,294,261,27],"class_list":{"0":"post-16373","1":"post","2":"type-post","3":"status-publish","4":"format-standard","5":"has-post-thumbnail","7":"category-de-la-region-centro","8":"category-informacion-general","9":"tag-corea-del-sur","10":"tag-incendios","11":"tag-internacional","12":"tag-muertos","13":"tag-san-luis","14":"tag-slp","15":"tag-soledad"},"_links":{"self":[{"href":"https:\/\/cronicadesoledad.com\/index.php\/wp-json\/wp\/v2\/posts\/16373","targetHints":{"allow":["GET"]}}],"collection":[{"href":"https:\/\/cronicadesoledad.com\/index.php\/wp-json\/wp\/v2\/posts"}],"about":[{"href":"https:\/\/cronicadesoledad.com\/index.php\/wp-json\/wp\/v2\/types\/post"}],"author":[{"embeddable":true,"href":"https:\/\/cronicadesoledad.com\/index.php\/wp-json\/wp\/v2\/users\/1"}],"replies":[{"embeddable":true,"href":"https:\/\/cronicadesoledad.com\/index.php\/wp-json\/wp\/v2\/comments?post=16373"}],"version-history":[{"count":1,"href":"https:\/\/cronicadesoledad.com\/index.php\/wp-json\/wp\/v2\/posts\/16373\/revisions"}],"predecessor-version":[{"id":16376,"href":"https:\/\/cronicadesoledad.com\/index.php\/wp-json\/wp\/v2\/posts\/16373\/revisions\/16376"}],"wp:featuredmedia":[{"embeddable":true,"href":"https:\/\/cronicadesoledad.com\/index.php\/wp-json\/wp\/v2\/media\/16374"}],"wp:attachment":[{"href":"https:\/\/cronicadesoledad.com\/index.php\/wp-json\/wp\/v2\/media?parent=16373"}],"wp:term":[{"taxonomy":"category","embeddable":true,"href":"https:\/\/cronicadesoledad.com\/index.php\/wp-json\/wp\/v2\/categories?post=16373"},{"taxonomy":"post_tag","embeddable":true,"href":"https:\/\/cronicadesoledad.com\/index.php\/wp-json\/wp\/v2\/tags?post=16373"}],"curies":[{"name":"wp","href":"https:\/\/api.w.org\/{rel}","templated":true}]}}