{"id":16424,"date":"2025-03-26T21:05:19","date_gmt":"2025-03-27T03:05:19","guid":{"rendered":"https:\/\/cronicadesoledad.com\/?p=16424"},"modified":"2025-03-26T21:05:19","modified_gmt":"2025-03-27T03:05:19","slug":"fortalecen-la-profesionalizacion-policial","status":"publish","type":"post","link":"https:\/\/cronicadesoledad.com\/index.php\/2025\/03\/26\/fortalecen-la-profesionalizacion-policial\/","title":{"rendered":"Fortalecen la profesionalizaci\u00f3n policial"},"content":{"rendered":"\n<p>Como parte del compromiso del Alcalde de Soledad de Graciano S\u00e1nchez, Juan Manuel Navarro Mu\u00f1iz, de consolidar al municipio como referente en estrategias de seguridad y prevenci\u00f3n, este 28 de marzo se llevar\u00e1 a cabo la conferencia magistral \u201cInteligencia y Contrainteligencia\u201d en el Teatro y Centro Cultural de Soledad, con la participaci\u00f3n de especialistas en seguridad del Gobierno Federal.&nbsp;<\/p>\n\n\n\n<p>El Secretario General del Ayuntamiento, Benjam\u00edn P\u00e9rez \u00c1lvarez destac\u00f3 que este evento refuerza la formaci\u00f3n de las y los agentes de la Guardia Civil Municipal (GCM) y de otras corporaciones municipales, y les brindar\u00e1 herramientas para fortalecer la paz social y la prevenci\u00f3n del delito. &#8220;Esta conferencia es resultado del trabajo coordinado con los tres \u00f3rdenes de gobierno y refleja el inter\u00e9s de la administraci\u00f3n por impulsar estrategias efectivas en materia de seguridad&#8221;, se\u00f1al\u00f3.&nbsp;<\/p>\n\n\n\n<p>El evento contar\u00e1 con la participaci\u00f3n del doctor Francisco Almaz\u00e1n Barocio, director del Centro Nacional de Inteligencia del Gobierno Federal, y del maestro Harold Hern\u00e1ndez Smith, asesor de Seguridad P\u00fablica de la Secretar\u00eda General de Gobierno Federal, quienes compartir\u00e1n conocimientos esenciales para el desempe\u00f1o policial en el contexto actual.&nbsp;<\/p>\n\n\n\n<p>Los temas abordados permitir\u00e1n a los elementos de seguridad fortalecer sus capacidades en inteligencia policial, adapt\u00e1ndose a un nuevo modelo de seguridad basado en la prevenci\u00f3n del delito y la protecci\u00f3n del patrimonio de las familias; adem\u00e1s, se expondr\u00e1n m\u00e9todos efectivos para inhibir conductas delictivas y garantizar la tranquilidad en la poblaci\u00f3n.&nbsp;<\/p>\n\n\n\n<p>La Guardia Civil Municipal de Soledad sigue destacando por su compromiso con la profesionalizaci\u00f3n y actualizaci\u00f3n constante de sus elementos, asegurando que cuenten con las herramientas necesarias para un desempe\u00f1o eficiente y apegado al marco jur\u00eddico, con estas acciones, el municipio reafirma su liderazgo en materia de seguridad y refrenda su compromiso con el bienestar de las y los soledenses.<\/p>\n","protected":false},"excerpt":{"rendered":"<p>Como parte del compromiso del Alcalde de Soledad de Graciano S\u00e1nchez, Juan Manuel Navarro Mu\u00f1iz, de consolidar al municipio como referente en estrategias de seguridad y prevenci\u00f3n, este 28 de marzo se llevar\u00e1 a cabo la conferencia magistral \u201cInteligencia y Contrainteligencia\u201d en el Teatro y Centro Cultural de Soledad, con la participaci\u00f3n de especialistas en [&hellip;]<\/p>\n","protected":false},"author":2,"featured_media":16425,"comment_status":"open","ping_status":"open","sticky":false,"template":"","format":"standard","meta":{"footnotes":""},"categories":[1,24,19,21],"tags":[223,2483,294,276,261,27],"class_list":{"0":"post-16424","1":"post","2":"type-post","3":"status-publish","4":"format-standard","5":"has-post-thumbnail","7":"category-destacadas","8":"category-informacion-general","9":"category-seguridad","10":"category-tu-soledad","11":"tag-ayuntamiento-soledense","12":"tag-guardia-civil-municipal","13":"tag-san-luis","14":"tag-seguridad","15":"tag-slp","16":"tag-soledad"},"_links":{"self":[{"href":"https:\/\/cronicadesoledad.com\/index.php\/wp-json\/wp\/v2\/posts\/16424","targetHints":{"allow":["GET"]}}],"collection":[{"href":"https:\/\/cronicadesoledad.com\/index.php\/wp-json\/wp\/v2\/posts"}],"about":[{"href":"https:\/\/cronicadesoledad.com\/index.php\/wp-json\/wp\/v2\/types\/post"}],"author":[{"embeddable":true,"href":"https:\/\/cronicadesoledad.com\/index.php\/wp-json\/wp\/v2\/users\/2"}],"replies":[{"embeddable":true,"href":"https:\/\/cronicadesoledad.com\/index.php\/wp-json\/wp\/v2\/comments?post=16424"}],"version-history":[{"count":1,"href":"https:\/\/cronicadesoledad.com\/index.php\/wp-json\/wp\/v2\/posts\/16424\/revisions"}],"predecessor-version":[{"id":16426,"href":"https:\/\/cronicadesoledad.com\/index.php\/wp-json\/wp\/v2\/posts\/16424\/revisions\/16426"}],"wp:featuredmedia":[{"embeddable":true,"href":"https:\/\/cronicadesoledad.com\/index.php\/wp-json\/wp\/v2\/media\/16425"}],"wp:attachment":[{"href":"https:\/\/cronicadesoledad.com\/index.php\/wp-json\/wp\/v2\/media?parent=16424"}],"wp:term":[{"taxonomy":"category","embeddable":true,"href":"https:\/\/cronicadesoledad.com\/index.php\/wp-json\/wp\/v2\/categories?post=16424"},{"taxonomy":"post_tag","embeddable":true,"href":"https:\/\/cronicadesoledad.com\/index.php\/wp-json\/wp\/v2\/tags?post=16424"}],"curies":[{"name":"wp","href":"https:\/\/api.w.org\/{rel}","templated":true}]}}