{"id":16437,"date":"2025-03-27T13:00:00","date_gmt":"2025-03-27T19:00:00","guid":{"rendered":"https:\/\/cronicadesoledad.com\/?p=16437"},"modified":"2025-03-27T11:41:43","modified_gmt":"2025-03-27T17:41:43","slug":"capacitan-a-la-fge-sobre-atencion-a-personas-mayores","status":"publish","type":"post","link":"https:\/\/cronicadesoledad.com\/index.php\/2025\/03\/27\/capacitan-a-la-fge-sobre-atencion-a-personas-mayores\/","title":{"rendered":"Capacitan a la FGE sobre atenci\u00f3n a personas mayores"},"content":{"rendered":"\n<p>El Sistema Estatal para el Desarrollo Integral de la Familia (DIF), llev\u00f3 a cabo una exitosa jornada de sensibilizaci\u00f3n en el Instituto Universitario de Ciencias Penales y Forenses de la Fiscal\u00eda General del Estado (FGE), dirigida a agentes fiscales y polic\u00edas, con el objetivo de contribuir a la construcci\u00f3n de una cultura del buen trato hacia las personas adultas mayores, sobretodo en el contexto de la atenci\u00f3n p\u00fablica.<\/p>\n\n\n\n<p>A trav\u00e9s de la Procuradur\u00eda de la Defensa de las Personas Adultas Mayores (PDPAM) y en seguimiento a la pol\u00edtica de atenci\u00f3n y apoyo social del Gobernador Ricardo Gallardo Cardona, la sensibilizaci\u00f3n incluy\u00f3 los temas: conceptos b\u00e1sicos sobre las personas adultas mayores, proceso de envejecimiento, discriminaci\u00f3n, atenci\u00f3n al usuario, buenas pr\u00e1cticas en el trato con personas mayores, marco jur\u00eddico, as\u00ed como la importancia de promover e impulsar los derechos humanos.<\/p>\n\n\n\n<p>La titular de la PDPAM, Mar\u00eda del Rosario Garc\u00eda Mendoza, destac\u00f3 que es fundamental que las y los funcionarios que trabajan con personas adultas mayores comprendan sus necesidades y realidades para crear un ambiente m\u00e1s inclusivo y respetuoso que garantice m\u00e1s apoyo en bienestar de los adultos mayores.<\/p>\n","protected":false},"excerpt":{"rendered":"<p>El Sistema Estatal para el Desarrollo Integral de la Familia (DIF), llev\u00f3 a cabo una exitosa jornada de sensibilizaci\u00f3n en el Instituto Universitario de Ciencias Penales y Forenses de la Fiscal\u00eda General del Estado (FGE), dirigida a agentes fiscales y polic\u00edas, con el objetivo de contribuir a la construcci\u00f3n de una cultura del buen trato [&hellip;]<\/p>\n","protected":false},"author":1,"featured_media":16439,"comment_status":"open","ping_status":"open","sticky":false,"template":"","format":"standard","meta":{"footnotes":""},"categories":[30,24,3163,3080],"tags":[475,387,1819,3692,294,276,261,27],"class_list":{"0":"post-16437","1":"post","2":"type-post","3":"status-publish","4":"format-standard","5":"has-post-thumbnail","7":"category-de-la-region-centro","8":"category-informacion-general","9":"category-san-luis-potosi","10":"category-slp","11":"tag-capacitacion","12":"tag-dif","13":"tag-fge","14":"tag-personas-mayores","15":"tag-san-luis","16":"tag-seguridad","17":"tag-slp","18":"tag-soledad"},"_links":{"self":[{"href":"https:\/\/cronicadesoledad.com\/index.php\/wp-json\/wp\/v2\/posts\/16437","targetHints":{"allow":["GET"]}}],"collection":[{"href":"https:\/\/cronicadesoledad.com\/index.php\/wp-json\/wp\/v2\/posts"}],"about":[{"href":"https:\/\/cronicadesoledad.com\/index.php\/wp-json\/wp\/v2\/types\/post"}],"author":[{"embeddable":true,"href":"https:\/\/cronicadesoledad.com\/index.php\/wp-json\/wp\/v2\/users\/1"}],"replies":[{"embeddable":true,"href":"https:\/\/cronicadesoledad.com\/index.php\/wp-json\/wp\/v2\/comments?post=16437"}],"version-history":[{"count":1,"href":"https:\/\/cronicadesoledad.com\/index.php\/wp-json\/wp\/v2\/posts\/16437\/revisions"}],"predecessor-version":[{"id":16440,"href":"https:\/\/cronicadesoledad.com\/index.php\/wp-json\/wp\/v2\/posts\/16437\/revisions\/16440"}],"wp:featuredmedia":[{"embeddable":true,"href":"https:\/\/cronicadesoledad.com\/index.php\/wp-json\/wp\/v2\/media\/16439"}],"wp:attachment":[{"href":"https:\/\/cronicadesoledad.com\/index.php\/wp-json\/wp\/v2\/media?parent=16437"}],"wp:term":[{"taxonomy":"category","embeddable":true,"href":"https:\/\/cronicadesoledad.com\/index.php\/wp-json\/wp\/v2\/categories?post=16437"},{"taxonomy":"post_tag","embeddable":true,"href":"https:\/\/cronicadesoledad.com\/index.php\/wp-json\/wp\/v2\/tags?post=16437"}],"curies":[{"name":"wp","href":"https:\/\/api.w.org\/{rel}","templated":true}]}}