{"id":16445,"date":"2025-03-27T14:00:00","date_gmt":"2025-03-27T20:00:00","guid":{"rendered":"https:\/\/cronicadesoledad.com\/?p=16445"},"modified":"2025-03-27T12:41:52","modified_gmt":"2025-03-27T18:41:52","slug":"gobierno-deja-en-optimas-condiciones-las-calles-que-recorrera-la-procesion-del-silencio","status":"publish","type":"post","link":"https:\/\/cronicadesoledad.com\/index.php\/2025\/03\/27\/gobierno-deja-en-optimas-condiciones-las-calles-que-recorrera-la-procesion-del-silencio\/","title":{"rendered":"Gobierno deja en \u00f3ptimas condiciones las calles que recorrer\u00e1 la Procesi\u00f3n del Silencio"},"content":{"rendered":"\n<p>Con el prop\u00f3sito de que el primer cuadro de la ciudad se encuentre en las mejores condiciones para los miles de visitantes que presenciar\u00e1n el m\u00e1ximo evento cultural &#8211; religioso de Semana Santa, el Gobierno de la Capital contin\u00faa con las labores de mantenimiento en las calles que conforman el recorrido de la Procesi\u00f3n del Silencio.<\/p>\n\n\n\n<p>Despu\u00e9s de las labores de mantenimiento a calles y banquetas de la ruta procesional, trabajadores del \u00e1rea de Imagen Urbana de la Direcci\u00f3n de Servicios Municipales del Ayuntamiento contin\u00faan con la pintura de postes y del mobiliario urbano para que el Centro Hist\u00f3rico, que es uno de los m\u00e1s grandes e importantes del pa\u00eds, pueda ser apreciado en todo su esplendor por las familias potosinas y visitantes que presenciar\u00e1n el evento.<\/p>\n\n\n\n<p>La dependencia inform\u00f3 que la importancia de estas labores radica en que, adem\u00e1s de la gran cantidad de personas que estar\u00e1n en la Procesi\u00f3n, el evento ser\u00e1 visto por miles a trav\u00e9s de los diversos medios de informaci\u00f3n, toda vez que es una manifestaci\u00f3n popular que ha trascendido fronteras.<\/p>\n\n\n\n<p>Dio a conocer que personal de la Direcci\u00f3n de Servicios Municipales estar\u00e1 atento para intervenir y corregir cualquier situaci\u00f3n que pudiera afectar el buen desarrollo de la marcha silente o que represente un riesgo para el p\u00fablico.<\/p>\n","protected":false},"excerpt":{"rendered":"<p>Con el prop\u00f3sito de que el primer cuadro de la ciudad se encuentre en las mejores condiciones para los miles de visitantes que presenciar\u00e1n el m\u00e1ximo evento cultural &#8211; religioso de Semana Santa, el Gobierno de la Capital contin\u00faa con las labores de mantenimiento en las calles que conforman el recorrido de la Procesi\u00f3n del [&hellip;]<\/p>\n","protected":false},"author":1,"featured_media":16446,"comment_status":"open","ping_status":"open","sticky":false,"template":"","format":"standard","meta":{"footnotes":""},"categories":[30,24],"tags":[334,2565,3695,2487,294,261,27],"class_list":{"0":"post-16445","1":"post","2":"type-post","3":"status-publish","4":"format-standard","5":"has-post-thumbnail","7":"category-de-la-region-centro","8":"category-informacion-general","9":"tag-cultura","10":"tag-gobierno","11":"tag-procesion-del-silencio","12":"tag-rehabilitacion","13":"tag-san-luis","14":"tag-slp","15":"tag-soledad"},"_links":{"self":[{"href":"https:\/\/cronicadesoledad.com\/index.php\/wp-json\/wp\/v2\/posts\/16445","targetHints":{"allow":["GET"]}}],"collection":[{"href":"https:\/\/cronicadesoledad.com\/index.php\/wp-json\/wp\/v2\/posts"}],"about":[{"href":"https:\/\/cronicadesoledad.com\/index.php\/wp-json\/wp\/v2\/types\/post"}],"author":[{"embeddable":true,"href":"https:\/\/cronicadesoledad.com\/index.php\/wp-json\/wp\/v2\/users\/1"}],"replies":[{"embeddable":true,"href":"https:\/\/cronicadesoledad.com\/index.php\/wp-json\/wp\/v2\/comments?post=16445"}],"version-history":[{"count":1,"href":"https:\/\/cronicadesoledad.com\/index.php\/wp-json\/wp\/v2\/posts\/16445\/revisions"}],"predecessor-version":[{"id":16447,"href":"https:\/\/cronicadesoledad.com\/index.php\/wp-json\/wp\/v2\/posts\/16445\/revisions\/16447"}],"wp:featuredmedia":[{"embeddable":true,"href":"https:\/\/cronicadesoledad.com\/index.php\/wp-json\/wp\/v2\/media\/16446"}],"wp:attachment":[{"href":"https:\/\/cronicadesoledad.com\/index.php\/wp-json\/wp\/v2\/media?parent=16445"}],"wp:term":[{"taxonomy":"category","embeddable":true,"href":"https:\/\/cronicadesoledad.com\/index.php\/wp-json\/wp\/v2\/categories?post=16445"},{"taxonomy":"post_tag","embeddable":true,"href":"https:\/\/cronicadesoledad.com\/index.php\/wp-json\/wp\/v2\/tags?post=16445"}],"curies":[{"name":"wp","href":"https:\/\/api.w.org\/{rel}","templated":true}]}}