{"id":16448,"date":"2025-03-27T14:30:00","date_gmt":"2025-03-27T20:30:00","guid":{"rendered":"https:\/\/cronicadesoledad.com\/?p=16448"},"modified":"2025-03-27T13:51:22","modified_gmt":"2025-03-27T19:51:22","slug":"denuncia-contra-cuauhtemoc-blanco-enfrenta-obstaculos-en-el-congreso","status":"publish","type":"post","link":"https:\/\/cronicadesoledad.com\/index.php\/2025\/03\/27\/denuncia-contra-cuauhtemoc-blanco-enfrenta-obstaculos-en-el-congreso\/","title":{"rendered":"Denuncia contra Cuauht\u00e9moc Blanco enfrenta obst\u00e1culos en el Congreso"},"content":{"rendered":"\n<p>Cuauht\u00e9moc Blanco, exgobernador de Morelos y actual diputado federal, ha sido se\u00f1alado en una denuncia penal por presunta agresi\u00f3n y acoso. Seg\u00fan informaci\u00f3n revelada por el peri\u00f3dico El Pa\u00eds, los hechos habr\u00edan ocurrido en diciembre de 2023 dentro de la residencia oficial del Gobierno de Morelos, donde una mujer asegura que fue atacada por el entonces mandatario.<\/p>\n\n\n\n<p>De acuerdo con la denuncia, Blanco intent\u00f3 entrar por la fuerza a la habitaci\u00f3n de la v\u00edctima, golpeando la puerta hasta que logr\u00f3 ingresar. Una vez dentro, la habr\u00eda acorralado y agredido f\u00edsicamente. La mujer relat\u00f3 que el exfutbolista se encontraba en estado de ebriedad y que solo logr\u00f3 escapar tras forcejear y gritar por ayuda.<\/p>\n\n\n\n<p>A pesar de la gravedad de las acusaciones, el Congreso rechaz\u00f3 retirar el fuero al diputado, impidiendo que enfrente un proceso judicial sin inmunidad. Morena, su partido, junto con el PRI y el Partido Verde, argumentaron fallas t\u00e9cnicas en la investigaci\u00f3n para frenar el desafuero. Sin embargo, algunas diputadas de Morena rompieron con su bancada y denunciaron irregularidades en la decisi\u00f3n.<\/p>\n\n\n\n<p>Blanco ha negado los se\u00f1alamientos y se mantiene protegido por su inmunidad legislativa. No obstante, la Fiscal\u00eda de Morelos y la defensa de la denunciante trabajan en una nueva estrategia para insistir en el proceso, buscando que el caso avance y que el exgobernador pueda ser juzgado sin la protecci\u00f3n del fuero.<\/p>\n","protected":false},"excerpt":{"rendered":"<p>Cuauht\u00e9moc Blanco, exgobernador de Morelos y actual diputado federal, ha sido se\u00f1alado en una denuncia penal por presunta agresi\u00f3n y acoso. Seg\u00fan informaci\u00f3n revelada por el peri\u00f3dico El Pa\u00eds, los hechos habr\u00edan ocurrido en diciembre de 2023 dentro de la residencia oficial del Gobierno de Morelos, donde una mujer asegura que fue atacada por el [&hellip;]<\/p>\n","protected":false},"author":1,"featured_media":16449,"comment_status":"open","ping_status":"open","sticky":false,"template":"","format":"standard","meta":{"footnotes":""},"categories":[30,24],"tags":[2876,410,2391,287,294,261,27],"class_list":{"0":"post-16448","1":"post","2":"type-post","3":"status-publish","4":"format-standard","5":"has-post-thumbnail","7":"category-de-la-region-centro","8":"category-informacion-general","9":"tag-congreso","10":"tag-cuauhtemoc-blanco","11":"tag-denuncias","12":"tag-nacional","13":"tag-san-luis","14":"tag-slp","15":"tag-soledad"},"_links":{"self":[{"href":"https:\/\/cronicadesoledad.com\/index.php\/wp-json\/wp\/v2\/posts\/16448","targetHints":{"allow":["GET"]}}],"collection":[{"href":"https:\/\/cronicadesoledad.com\/index.php\/wp-json\/wp\/v2\/posts"}],"about":[{"href":"https:\/\/cronicadesoledad.com\/index.php\/wp-json\/wp\/v2\/types\/post"}],"author":[{"embeddable":true,"href":"https:\/\/cronicadesoledad.com\/index.php\/wp-json\/wp\/v2\/users\/1"}],"replies":[{"embeddable":true,"href":"https:\/\/cronicadesoledad.com\/index.php\/wp-json\/wp\/v2\/comments?post=16448"}],"version-history":[{"count":1,"href":"https:\/\/cronicadesoledad.com\/index.php\/wp-json\/wp\/v2\/posts\/16448\/revisions"}],"predecessor-version":[{"id":16450,"href":"https:\/\/cronicadesoledad.com\/index.php\/wp-json\/wp\/v2\/posts\/16448\/revisions\/16450"}],"wp:featuredmedia":[{"embeddable":true,"href":"https:\/\/cronicadesoledad.com\/index.php\/wp-json\/wp\/v2\/media\/16449"}],"wp:attachment":[{"href":"https:\/\/cronicadesoledad.com\/index.php\/wp-json\/wp\/v2\/media?parent=16448"}],"wp:term":[{"taxonomy":"category","embeddable":true,"href":"https:\/\/cronicadesoledad.com\/index.php\/wp-json\/wp\/v2\/categories?post=16448"},{"taxonomy":"post_tag","embeddable":true,"href":"https:\/\/cronicadesoledad.com\/index.php\/wp-json\/wp\/v2\/tags?post=16448"}],"curies":[{"name":"wp","href":"https:\/\/api.w.org\/{rel}","templated":true}]}}