{"id":16457,"date":"2025-03-27T16:00:00","date_gmt":"2025-03-27T22:00:00","guid":{"rendered":"https:\/\/cronicadesoledad.com\/?p=16457"},"modified":"2025-03-27T14:17:55","modified_gmt":"2025-03-27T20:17:55","slug":"sheinbaum-reconoce-vocacion-inclusiva-del-festival-en-primavera","status":"publish","type":"post","link":"https:\/\/cronicadesoledad.com\/index.php\/2025\/03\/27\/sheinbaum-reconoce-vocacion-inclusiva-del-festival-en-primavera\/","title":{"rendered":"Sheinbaum reconoce vocaci\u00f3n inclusiva del Festival en Primavera"},"content":{"rendered":"\n<p>La Presidenta de M\u00e9xico, Claudia Sheinbaum Pardo, reconoci\u00f3 los avances en materia de turismo inclusivo que implica el Festival Internacional San Luis en Primavera, que organiza el Ayuntamiento de San Luis Potos\u00ed: \u201cEs muy bueno destacar las innovaciones que se incluyen en el turismo nacional\u201d. Tambi\u00e9n se\u00f1al\u00f3 que la Secretar\u00eda de Turismo Federal podr\u00eda implementar estas mejoras, en beneficio de la poblaci\u00f3n con discapacidad y de la calidad de los servicios tur\u00edsticos.<\/p>\n\n\n\n<p>En la conferencia de prensa La Ma\u00f1anera del Pueblo de este jueves 27 de marzo, la periodista representante del portal Noticias de Frente, le se\u00f1al\u00f3 a la Presidente de la Rep\u00fablica que el Festival Internacional San Luis en Primavera es el evento cultural m\u00e1s inclusivo de Am\u00e9rica Latina, en el que se utilizan int\u00e9rpretes en Lengua de Se\u00f1as Mexicana y chalecos sensoriales para que las personas sordas puedan sentir la vibraci\u00f3n de la m\u00fasica, existe zona para personas con discapacidad adem\u00e1s de que hay programadas Experiencias Gastron\u00f3micas Sensoriales Inclusivas, en las que los asistentes pueden disfrutar de platillos potosinos mientras tienen los ojos vendados.<\/p>\n\n\n\n<p>Este mi\u00e9rcoles 26 de marzo, el Alcalde Enrique Galindo Ceballos present\u00f3 la cuarta edici\u00f3n del Festival Internacional San Luis en Primavera ante medios de comunicaci\u00f3n de la Ciudad de M\u00e9xico y de todo el pa\u00eds, en donde, adem\u00e1s de la vocaci\u00f3n inclusiva para las personas con discapacidad, destac\u00f3 que forma parte de la estrategia para impulsar la econom\u00eda local con este evento que atraer\u00e1 300 mil visitantes y generar\u00e1 una derrama econ\u00f3mica por m\u00e1s de 500 millones de pesos.<\/p>\n","protected":false},"excerpt":{"rendered":"<p>La Presidenta de M\u00e9xico, Claudia Sheinbaum Pardo, reconoci\u00f3 los avances en materia de turismo inclusivo que implica el Festival Internacional San Luis en Primavera, que organiza el Ayuntamiento de San Luis Potos\u00ed: \u201cEs muy bueno destacar las innovaciones que se incluyen en el turismo nacional\u201d. Tambi\u00e9n se\u00f1al\u00f3 que la Secretar\u00eda de Turismo Federal podr\u00eda implementar [&hellip;]<\/p>\n","protected":false},"author":1,"featured_media":16458,"comment_status":"open","ping_status":"open","sticky":false,"template":"","format":"standard","meta":{"footnotes":""},"categories":[30,24,3163,3080],"tags":[619,1064,3700,294,261,27],"class_list":{"0":"post-16457","1":"post","2":"type-post","3":"status-publish","4":"format-standard","5":"has-post-thumbnail","7":"category-de-la-region-centro","8":"category-informacion-general","9":"category-san-luis-potosi","10":"category-slp","11":"tag-claudia-sheinbaum","12":"tag-enrique-galindo","13":"tag-festival-en-primavera","14":"tag-san-luis","15":"tag-slp","16":"tag-soledad"},"_links":{"self":[{"href":"https:\/\/cronicadesoledad.com\/index.php\/wp-json\/wp\/v2\/posts\/16457","targetHints":{"allow":["GET"]}}],"collection":[{"href":"https:\/\/cronicadesoledad.com\/index.php\/wp-json\/wp\/v2\/posts"}],"about":[{"href":"https:\/\/cronicadesoledad.com\/index.php\/wp-json\/wp\/v2\/types\/post"}],"author":[{"embeddable":true,"href":"https:\/\/cronicadesoledad.com\/index.php\/wp-json\/wp\/v2\/users\/1"}],"replies":[{"embeddable":true,"href":"https:\/\/cronicadesoledad.com\/index.php\/wp-json\/wp\/v2\/comments?post=16457"}],"version-history":[{"count":1,"href":"https:\/\/cronicadesoledad.com\/index.php\/wp-json\/wp\/v2\/posts\/16457\/revisions"}],"predecessor-version":[{"id":16461,"href":"https:\/\/cronicadesoledad.com\/index.php\/wp-json\/wp\/v2\/posts\/16457\/revisions\/16461"}],"wp:featuredmedia":[{"embeddable":true,"href":"https:\/\/cronicadesoledad.com\/index.php\/wp-json\/wp\/v2\/media\/16458"}],"wp:attachment":[{"href":"https:\/\/cronicadesoledad.com\/index.php\/wp-json\/wp\/v2\/media?parent=16457"}],"wp:term":[{"taxonomy":"category","embeddable":true,"href":"https:\/\/cronicadesoledad.com\/index.php\/wp-json\/wp\/v2\/categories?post=16457"},{"taxonomy":"post_tag","embeddable":true,"href":"https:\/\/cronicadesoledad.com\/index.php\/wp-json\/wp\/v2\/tags?post=16457"}],"curies":[{"name":"wp","href":"https:\/\/api.w.org\/{rel}","templated":true}]}}