{"id":16473,"date":"2025-03-27T17:30:00","date_gmt":"2025-03-27T23:30:00","guid":{"rendered":"https:\/\/cronicadesoledad.com\/?p=16473"},"modified":"2025-03-27T15:06:35","modified_gmt":"2025-03-27T21:06:35","slug":"comunidad-estudiantil-agradece-apoyo-de-villa-de-pozos","status":"publish","type":"post","link":"https:\/\/cronicadesoledad.com\/index.php\/2025\/03\/27\/comunidad-estudiantil-agradece-apoyo-de-villa-de-pozos\/","title":{"rendered":"Comunidad estudiantil agradece apoyo de Villa de Pozos"},"content":{"rendered":"\n<p>Por primera vez, el Gobierno Municipal construir\u00e1 tres aulas did\u00e1cticas en la escuela \u201cJos\u00e9 Mariano Jim\u00e9nez\u201d para beneficio de ni\u00f1os y ni\u00f1as.<\/p>\n\n\n\n<p>A casi tres d\u00e9cadas de la construcci\u00f3n de la Escuela Primaria \u201cJos\u00e9 Mariano Jim\u00e9nez\u201d en la colonia La Libertad, el Gobierno de Villa de Pozos, encabezado por la Presidenta Concejal, Teresa Rivera Acevedo, realiza la mejora significativa en la infraestructura educativa de este espacio, con la construcci\u00f3n de tres aulas did\u00e1cticas en beneficio de la comunidad educativa de este plantel.<\/p>\n\n\n\n<p>El director de la escuela, Santiago Hern\u00e1ndez, expres\u00f3 su satisfacci\u00f3n por el proyecto y destac\u00f3 que por fin se les brindar\u00e1 el apoyo necesario para mejorar la calidad educativa, pues desde la construcci\u00f3n del plantel en 1998, no se hab\u00eda recibido ning\u00fan tipo de apoyo gubernamental, a tan solo seis meses de la creaci\u00f3n del nuevo municipio, se ve reflejado el compromiso de la administraci\u00f3n encabezada por la Presidenta Concejal, Teresa Rivera.<\/p>\n\n\n\n<p>\u201cMuy agradecidos porque se fij\u00f3 en nosotros, fuimos el pasado mes de octubre a solicitar la construcci\u00f3n de las aulas y ni un a\u00f1o pas\u00f3 y ya tenemos una respuesta, muy agradecidos con la Presidenta Concejal\u201d.<\/p>\n\n\n\n<p>Por su parte, Sara Tello, presidenta de la Asociaci\u00f3n de Padres de Familia, destac\u00f3 que la creaci\u00f3n de las nuevas aulas ser\u00e1 un gran beneficio para los 18 grupos que conforman la comunidad estudiantil y remarc\u00f3 que, hasta la fecha, los ni\u00f1os y ni\u00f1as de la escuela se hab\u00edan visto obligados a tomar clases en salones provisionales que no ofrec\u00edan las condiciones adecuadas para un aprendizaje de calidad.<\/p>\n\n\n\n<p>\u201cSiempre estuvimos pidiendo y pidiendo apoyo y nunca nos hab\u00edan hecho caso, estuvimos pidiendo tambi\u00e9n apoyo para agua y recolecci\u00f3n de basura y cuando entr\u00f3 la nueva administraci\u00f3n de Villa de Pozos tuvimos la respuesta inmediatamente\u201d.<\/p>\n","protected":false},"excerpt":{"rendered":"<p>Por primera vez, el Gobierno Municipal construir\u00e1 tres aulas did\u00e1cticas en la escuela \u201cJos\u00e9 Mariano Jim\u00e9nez\u201d para beneficio de ni\u00f1os y ni\u00f1as. A casi tres d\u00e9cadas de la construcci\u00f3n de la Escuela Primaria \u201cJos\u00e9 Mariano Jim\u00e9nez\u201d en la colonia La Libertad, el Gobierno de Villa de Pozos, encabezado por la Presidenta Concejal, Teresa Rivera Acevedo, [&hellip;]<\/p>\n","protected":false},"author":1,"featured_media":16474,"comment_status":"open","ping_status":"open","sticky":false,"template":"","format":"standard","meta":{"footnotes":""},"categories":[3240,24,3175],"tags":[3702,320,294,261,1068],"class_list":{"0":"post-16473","1":"post","2":"type-post","3":"status-publish","4":"format-standard","5":"has-post-thumbnail","7":"category-educacion","8":"category-informacion-general","9":"category-pozos","10":"tag-aulas-didacticas","11":"tag-educacion","12":"tag-san-luis","13":"tag-slp","14":"tag-villa-de-pozos"},"_links":{"self":[{"href":"https:\/\/cronicadesoledad.com\/index.php\/wp-json\/wp\/v2\/posts\/16473","targetHints":{"allow":["GET"]}}],"collection":[{"href":"https:\/\/cronicadesoledad.com\/index.php\/wp-json\/wp\/v2\/posts"}],"about":[{"href":"https:\/\/cronicadesoledad.com\/index.php\/wp-json\/wp\/v2\/types\/post"}],"author":[{"embeddable":true,"href":"https:\/\/cronicadesoledad.com\/index.php\/wp-json\/wp\/v2\/users\/1"}],"replies":[{"embeddable":true,"href":"https:\/\/cronicadesoledad.com\/index.php\/wp-json\/wp\/v2\/comments?post=16473"}],"version-history":[{"count":1,"href":"https:\/\/cronicadesoledad.com\/index.php\/wp-json\/wp\/v2\/posts\/16473\/revisions"}],"predecessor-version":[{"id":16475,"href":"https:\/\/cronicadesoledad.com\/index.php\/wp-json\/wp\/v2\/posts\/16473\/revisions\/16475"}],"wp:featuredmedia":[{"embeddable":true,"href":"https:\/\/cronicadesoledad.com\/index.php\/wp-json\/wp\/v2\/media\/16474"}],"wp:attachment":[{"href":"https:\/\/cronicadesoledad.com\/index.php\/wp-json\/wp\/v2\/media?parent=16473"}],"wp:term":[{"taxonomy":"category","embeddable":true,"href":"https:\/\/cronicadesoledad.com\/index.php\/wp-json\/wp\/v2\/categories?post=16473"},{"taxonomy":"post_tag","embeddable":true,"href":"https:\/\/cronicadesoledad.com\/index.php\/wp-json\/wp\/v2\/tags?post=16473"}],"curies":[{"name":"wp","href":"https:\/\/api.w.org\/{rel}","templated":true}]}}