{"id":16479,"date":"2025-03-27T20:51:52","date_gmt":"2025-03-28T02:51:52","guid":{"rendered":"https:\/\/cronicadesoledad.com\/?p=16479"},"modified":"2025-03-27T20:51:53","modified_gmt":"2025-03-28T02:51:53","slug":"gratuidad-y-diversion-para-todos-en-la-fenae","status":"publish","type":"post","link":"https:\/\/cronicadesoledad.com\/index.php\/2025\/03\/27\/gratuidad-y-diversion-para-todos-en-la-fenae\/","title":{"rendered":"Gratuidad y diversi\u00f3n para todos en la Fenae"},"content":{"rendered":"\n<p>Del 19 al 28 de abril, la Feria Nacional de la Enchilada (FENAE) 2025 llenar\u00e1 de color, sabor y alegr\u00eda cada rinc\u00f3n del municipio con una cartelera musical espectacular y atractivos completamente gratuitos, lo cual fue reafirmado por el Alcalde de Soledad, Juan Manuel Navarro Mu\u00f1iz, quien resalt\u00f3 que este evento, que cumple 12 a\u00f1os de historia, mantiene su esencia: ser una Feria accesible para todas las familias, sin que la solvencia econ\u00f3mica sea un impedimento para disfrutar de juegos mec\u00e1nicos, funciones de circo, Muestras gastron\u00f3mica y conciertos de internacional.<\/p>\n\n\n\n<p>\u201cDesde su creaci\u00f3n, nuestra Feria ha sido pensada para que ninguna familia se quede sin disfrutar de sus atractivos, nos enorgullece seguir ofreciendo eventos gratuitos que fomenten la convivencia familiar y el disfrute colectivo, siempre cerca de las y los soledenses\u201d, expres\u00f3 el Alcalde Juan Manuel Navarro Mu\u00f1iz. \u201cEn esta edici\u00f3n, nuevamente garantizamos que todos puedan participar, sin que el costo sea una barrera, como parte de la visi\u00f3n de un gobierno cercano a la poblaci\u00f3n&#8221;, afirm\u00f3.<\/p>\n\n\n\n<p>Entre los principales atractivos de la Feria Nacional de la Enchilada 2025 se destacan los juegos mec\u00e1nicos gratuitos, que han sido uno de los grandes \u00e9xitos en cada edici\u00f3n, permitiendo que los m\u00e1s peque\u00f1os y sus familias disfruten de diversas atracciones sin ning\u00fan costo; adem\u00e1s, se ofrecer\u00e1n funciones de circo gratuitas, que llevar\u00e1n diversi\u00f3n para todas las edades.<\/p>\n\n\n\n<p>La gastronom\u00eda ser\u00e1 uno de los pilares de la Feria, con una muestra culinaria que reunir\u00e1 una gran variedad de enchiladas, que van desde las m\u00e1s tradicionales hasta las innovadoras, mostrando la riqueza de la cocina potosina; asimismo, se realizar\u00e1 el esperado Concurso Gastron\u00f3mico de la Enchilada Soledense, donde los mejores platillos de la regi\u00f3n ser\u00e1n los protagonistas.<\/p>\n\n\n\n<p>Por otro lado, el Teatro del Pueblo, uno de los escenarios m\u00e1s esperados de la Feria, presentar\u00e1 espect\u00e1culos gratuitos de primer nivel con grandes figuras, teniendo en la gran inauguraci\u00f3n a la cantante veracruzana Yuri, adem\u00e1s de La Maquinaria Norte\u00f1a, Grupo Ca\u00f1averal, Pesado, Maldita Vecindad, Sonora Santanera, Guerra de Chistes, Chuponcito, Panter B\u00e9lico y al grupo Leg\u00edtimo, agrupaci\u00f3n que se encargar\u00e1 de clausurar la m\u00e1xima fiesta soledense.<\/p>\n\n\n\n<p>La Feria Nacional de la Enchilada 2025, m\u00e1s que un evento, es una oportunidad para fortalecer el tejido social, acercar a las familias soledenses a la cultura, la gastronom\u00eda y la diversi\u00f3n, en un ambiente completamente gratuito y accesible para todos.<\/p>\n","protected":false},"excerpt":{"rendered":"<p>Del 19 al 28 de abril, la Feria Nacional de la Enchilada (FENAE) 2025 llenar\u00e1 de color, sabor y alegr\u00eda cada rinc\u00f3n del municipio con una cartelera musical espectacular y atractivos completamente gratuitos, lo cual fue reafirmado por el Alcalde de Soledad, Juan Manuel Navarro Mu\u00f1iz, quien resalt\u00f3 que este evento, que cumple 12 a\u00f1os [&hellip;]<\/p>\n","protected":false},"author":2,"featured_media":16480,"comment_status":"open","ping_status":"open","sticky":false,"template":"","format":"standard","meta":{"footnotes":""},"categories":[1,24,21],"tags":[2922,223,1635,294,27],"class_list":{"0":"post-16479","1":"post","2":"type-post","3":"status-publish","4":"format-standard","5":"has-post-thumbnail","7":"category-destacadas","8":"category-informacion-general","9":"category-tu-soledad","10":"tag-2922","11":"tag-ayuntamiento-soledense","12":"tag-fenae","13":"tag-san-luis","14":"tag-soledad"},"_links":{"self":[{"href":"https:\/\/cronicadesoledad.com\/index.php\/wp-json\/wp\/v2\/posts\/16479","targetHints":{"allow":["GET"]}}],"collection":[{"href":"https:\/\/cronicadesoledad.com\/index.php\/wp-json\/wp\/v2\/posts"}],"about":[{"href":"https:\/\/cronicadesoledad.com\/index.php\/wp-json\/wp\/v2\/types\/post"}],"author":[{"embeddable":true,"href":"https:\/\/cronicadesoledad.com\/index.php\/wp-json\/wp\/v2\/users\/2"}],"replies":[{"embeddable":true,"href":"https:\/\/cronicadesoledad.com\/index.php\/wp-json\/wp\/v2\/comments?post=16479"}],"version-history":[{"count":1,"href":"https:\/\/cronicadesoledad.com\/index.php\/wp-json\/wp\/v2\/posts\/16479\/revisions"}],"predecessor-version":[{"id":16481,"href":"https:\/\/cronicadesoledad.com\/index.php\/wp-json\/wp\/v2\/posts\/16479\/revisions\/16481"}],"wp:featuredmedia":[{"embeddable":true,"href":"https:\/\/cronicadesoledad.com\/index.php\/wp-json\/wp\/v2\/media\/16480"}],"wp:attachment":[{"href":"https:\/\/cronicadesoledad.com\/index.php\/wp-json\/wp\/v2\/media?parent=16479"}],"wp:term":[{"taxonomy":"category","embeddable":true,"href":"https:\/\/cronicadesoledad.com\/index.php\/wp-json\/wp\/v2\/categories?post=16479"},{"taxonomy":"post_tag","embeddable":true,"href":"https:\/\/cronicadesoledad.com\/index.php\/wp-json\/wp\/v2\/tags?post=16479"}],"curies":[{"name":"wp","href":"https:\/\/api.w.org\/{rel}","templated":true}]}}