{"id":16482,"date":"2025-03-31T03:06:00","date_gmt":"2025-03-31T09:06:00","guid":{"rendered":"https:\/\/cronicadesoledad.com\/?p=16482"},"modified":"2025-03-31T00:32:41","modified_gmt":"2025-03-31T06:32:41","slug":"hallan-cuerpo-con-heridas-de-bala-en-puerta-real","status":"publish","type":"post","link":"https:\/\/cronicadesoledad.com\/index.php\/2025\/03\/31\/hallan-cuerpo-con-heridas-de-bala-en-puerta-real\/","title":{"rendered":"Hallaron cuerpo con heridas de bala en Puerta Real"},"content":{"rendered":"\n<p>La ma\u00f1ana de este mi\u00e9rcoles, autoridades localizaron un cad\u00e1ver con impactos de bala en un camino de terracer\u00eda en la colonia Puerta Real, segunda secci\u00f3n, en Soledad de Graciano S\u00e1nchez. El hallazgo moviliz\u00f3 a corporaciones de seguridad.<\/p>\n\n\n\n<p>El reporte se recibi\u00f3 a las 10:30 horas, lo que llev\u00f3 a la intervenci\u00f3n de la Guardia Civil Municipal, que resguard\u00f3 la escena mientras la Fiscal\u00eda General del Estado realizaba el levantamiento de pruebas.<\/p>\n\n\n\n<p>Peritos trasladaron el cuerpo al Servicio M\u00e9dico Legal para la necropsia y determinar la causa exacta de la muerte. Hasta el momento, la identidad de la v\u00edctima no ha sido confirmada.<\/p>\n","protected":false},"excerpt":{"rendered":"<p>La ma\u00f1ana de este mi\u00e9rcoles, autoridades localizaron un cad\u00e1ver con impactos de bala en un camino de terracer\u00eda en la colonia Puerta Real, segunda secci\u00f3n, en Soledad de Graciano S\u00e1nchez. El hallazgo moviliz\u00f3 a corporaciones de seguridad. El reporte se recibi\u00f3 a las 10:30 horas, lo que llev\u00f3 a la intervenci\u00f3n de la Guardia Civil [&hellip;]<\/p>\n","protected":false},"author":2,"featured_media":16483,"comment_status":"open","ping_status":"open","sticky":false,"template":"","format":"standard","meta":{"footnotes":""},"categories":[1,24,19],"tags":[2114,1856,294,276,261,27,2037],"class_list":{"0":"post-16482","1":"post","2":"type-post","3":"status-publish","4":"format-standard","5":"has-post-thumbnail","7":"category-destacadas","8":"category-informacion-general","9":"category-seguridad","10":"tag-muerto","11":"tag-puerta-real","12":"tag-san-luis","13":"tag-seguridad","14":"tag-slp","15":"tag-soledad","16":"tag-tragedia"},"_links":{"self":[{"href":"https:\/\/cronicadesoledad.com\/index.php\/wp-json\/wp\/v2\/posts\/16482","targetHints":{"allow":["GET"]}}],"collection":[{"href":"https:\/\/cronicadesoledad.com\/index.php\/wp-json\/wp\/v2\/posts"}],"about":[{"href":"https:\/\/cronicadesoledad.com\/index.php\/wp-json\/wp\/v2\/types\/post"}],"author":[{"embeddable":true,"href":"https:\/\/cronicadesoledad.com\/index.php\/wp-json\/wp\/v2\/users\/2"}],"replies":[{"embeddable":true,"href":"https:\/\/cronicadesoledad.com\/index.php\/wp-json\/wp\/v2\/comments?post=16482"}],"version-history":[{"count":2,"href":"https:\/\/cronicadesoledad.com\/index.php\/wp-json\/wp\/v2\/posts\/16482\/revisions"}],"predecessor-version":[{"id":16652,"href":"https:\/\/cronicadesoledad.com\/index.php\/wp-json\/wp\/v2\/posts\/16482\/revisions\/16652"}],"wp:featuredmedia":[{"embeddable":true,"href":"https:\/\/cronicadesoledad.com\/index.php\/wp-json\/wp\/v2\/media\/16483"}],"wp:attachment":[{"href":"https:\/\/cronicadesoledad.com\/index.php\/wp-json\/wp\/v2\/media?parent=16482"}],"wp:term":[{"taxonomy":"category","embeddable":true,"href":"https:\/\/cronicadesoledad.com\/index.php\/wp-json\/wp\/v2\/categories?post=16482"},{"taxonomy":"post_tag","embeddable":true,"href":"https:\/\/cronicadesoledad.com\/index.php\/wp-json\/wp\/v2\/tags?post=16482"}],"curies":[{"name":"wp","href":"https:\/\/api.w.org\/{rel}","templated":true}]}}