{"id":16508,"date":"2025-03-28T10:30:00","date_gmt":"2025-03-28T16:30:00","guid":{"rendered":"https:\/\/cronicadesoledad.com\/?p=16508"},"modified":"2025-03-28T09:32:12","modified_gmt":"2025-03-28T15:32:12","slug":"villa-de-pozos-organiza-nueva-jornada-laboral-para-impulsar-el-empleo-en-la-comunidad","status":"publish","type":"post","link":"https:\/\/cronicadesoledad.com\/index.php\/2025\/03\/28\/villa-de-pozos-organiza-nueva-jornada-laboral-para-impulsar-el-empleo-en-la-comunidad\/","title":{"rendered":"Villa de Pozos organiza nueva jornada laboral para impulsar el empleo en la comunidad"},"content":{"rendered":"\n<p>Con el objetivo de acercar oportunidades de trabajo a la poblaci\u00f3n, el municipio de Villa de Pozos, a trav\u00e9s de la Secretar\u00eda de Desarrollo Econ\u00f3mico, llevar\u00e1 a cabo una nueva edici\u00f3n de la #JornadaLaboralDelEmpleo. En esta ocasi\u00f3n, el evento se realizar\u00e1 en la Unidad Deportiva de Las Mercedes.<\/p>\n\n\n\n<p>La jornada se llevar\u00e1 a cabo el martes 1 de abril, desde las 9:00 hasta las 14:00 horas, y contar\u00e1 con la participaci\u00f3n de diversas empresas que buscan talento local para integrarse a su equipo de trabajo. Se invita a los asistentes a preparar su curr\u00edculum vitae, ya que habr\u00e1 una amplia oferta de vacantes en distintos sectores.<\/p>\n\n\n\n<p>Este esfuerzo refleja el compromiso del gobierno municipal con la generaci\u00f3n de empleo y el fortalecimiento econ\u00f3mico de Villa de Pozos, brindando a los habitantes una plataforma para conectarse con empleadores y mejorar sus oportunidades laborales.<\/p>\n","protected":false},"excerpt":{"rendered":"<p>Con el objetivo de acercar oportunidades de trabajo a la poblaci\u00f3n, el municipio de Villa de Pozos, a trav\u00e9s de la Secretar\u00eda de Desarrollo Econ\u00f3mico, llevar\u00e1 a cabo una nueva edici\u00f3n de la #JornadaLaboralDelEmpleo. En esta ocasi\u00f3n, el evento se realizar\u00e1 en la Unidad Deportiva de Las Mercedes. La jornada se llevar\u00e1 a cabo el [&hellip;]<\/p>\n","protected":false},"author":1,"featured_media":16509,"comment_status":"open","ping_status":"open","sticky":false,"template":"","format":"standard","meta":{"footnotes":""},"categories":[24,3175],"tags":[3357,2647,294,261,1068],"class_list":{"0":"post-16508","1":"post","2":"type-post","3":"status-publish","4":"format-standard","5":"has-post-thumbnail","7":"category-informacion-general","8":"category-pozos","9":"tag-economia-2","10":"tag-jornada-laboral","11":"tag-san-luis","12":"tag-slp","13":"tag-villa-de-pozos"},"_links":{"self":[{"href":"https:\/\/cronicadesoledad.com\/index.php\/wp-json\/wp\/v2\/posts\/16508","targetHints":{"allow":["GET"]}}],"collection":[{"href":"https:\/\/cronicadesoledad.com\/index.php\/wp-json\/wp\/v2\/posts"}],"about":[{"href":"https:\/\/cronicadesoledad.com\/index.php\/wp-json\/wp\/v2\/types\/post"}],"author":[{"embeddable":true,"href":"https:\/\/cronicadesoledad.com\/index.php\/wp-json\/wp\/v2\/users\/1"}],"replies":[{"embeddable":true,"href":"https:\/\/cronicadesoledad.com\/index.php\/wp-json\/wp\/v2\/comments?post=16508"}],"version-history":[{"count":1,"href":"https:\/\/cronicadesoledad.com\/index.php\/wp-json\/wp\/v2\/posts\/16508\/revisions"}],"predecessor-version":[{"id":16510,"href":"https:\/\/cronicadesoledad.com\/index.php\/wp-json\/wp\/v2\/posts\/16508\/revisions\/16510"}],"wp:featuredmedia":[{"embeddable":true,"href":"https:\/\/cronicadesoledad.com\/index.php\/wp-json\/wp\/v2\/media\/16509"}],"wp:attachment":[{"href":"https:\/\/cronicadesoledad.com\/index.php\/wp-json\/wp\/v2\/media?parent=16508"}],"wp:term":[{"taxonomy":"category","embeddable":true,"href":"https:\/\/cronicadesoledad.com\/index.php\/wp-json\/wp\/v2\/categories?post=16508"},{"taxonomy":"post_tag","embeddable":true,"href":"https:\/\/cronicadesoledad.com\/index.php\/wp-json\/wp\/v2\/tags?post=16508"}],"curies":[{"name":"wp","href":"https:\/\/api.w.org\/{rel}","templated":true}]}}