{"id":16600,"date":"2025-03-29T15:30:00","date_gmt":"2025-03-29T21:30:00","guid":{"rendered":"https:\/\/cronicadesoledad.com\/?p=16600"},"modified":"2025-03-29T14:31:19","modified_gmt":"2025-03-29T20:31:19","slug":"villa-de-pozos-realiza-con-exito-jornadas-laborales","status":"publish","type":"post","link":"https:\/\/cronicadesoledad.com\/index.php\/2025\/03\/29\/villa-de-pozos-realiza-con-exito-jornadas-laborales\/","title":{"rendered":"Villa de Pozos realiza con \u00e9xito jornadas laborales"},"content":{"rendered":"\n<p>El objetivo es facilitar la b\u00fasqueda de empleo a los habitantes de las diversas colonias del municipio.<\/p>\n\n\n\n<p>Con el objetivo de facilitar la conexi\u00f3n entre las personas que buscan empleo y las empresas que ofrecen vacantes, el Gobierno de Villa de Pozos, a trav\u00e9s de la direcci\u00f3n de Desarrollo Econ\u00f3mico, puso en marcha las jornadas laborales en diversas colonias del municipio con una gran aceptaci\u00f3n por parte de los habitantes locales.<\/p>\n\n\n\n<p>El director de Desarrollo Econ\u00f3mico, Juan Alejandro M\u00e9ndez Zavala, destac\u00f3 que colonias como Ciudad Sat\u00e9lite han sido beneficiadas con el acercamiento de vacantes, lo que permite que la poblaci\u00f3n tenga acceso directo a opciones de empleo y destac\u00f3 que uno de los sectores con mayor demanda es el industrial y automotriz debido a la cercan\u00eda de Villa de Pozos con la zona industrial.<\/p>\n\n\n\n<p>Explic\u00f3 que, adem\u00e1s de acercar las ofertas laborales, se brinda un seguimiento cercano a los postulantes, mediante un acompa\u00f1amiento durante el proceso de postulaci\u00f3n para asegurar que las vacantes se adapten a las necesidades y disponibilidad de los habitantes.<\/p>\n\n\n\n<p>Con el fin de continuar con esta importante iniciativa, el pr\u00f3ximo 1 de abril de 09:00 a 14:00 horas, se llevar\u00e1 a cabo una nueva jornada del empleo en la Unidad Deportiva de Las Mercedes en donde m\u00e1s de 11 empresas de participar\u00e1n como NYX M\u00e9xico Plastics, Walmart Express Santa Rita, Fargos Logistics, Reciclables Pineda Moctezuma, Farmacias Similares, Porcelanite Lamosa y Grupo Alco.<\/p>\n","protected":false},"excerpt":{"rendered":"<p>El objetivo es facilitar la b\u00fasqueda de empleo a los habitantes de las diversas colonias del municipio. Con el objetivo de facilitar la conexi\u00f3n entre las personas que buscan empleo y las empresas que ofrecen vacantes, el Gobierno de Villa de Pozos, a trav\u00e9s de la direcci\u00f3n de Desarrollo Econ\u00f3mico, puso en marcha las jornadas [&hellip;]<\/p>\n","protected":false},"author":1,"featured_media":16601,"comment_status":"open","ping_status":"open","sticky":false,"template":"","format":"standard","meta":{"footnotes":""},"categories":[24,3175],"tags":[3357,2321,294,261,1068],"class_list":{"0":"post-16600","1":"post","2":"type-post","3":"status-publish","4":"format-standard","5":"has-post-thumbnail","7":"category-informacion-general","8":"category-pozos","9":"tag-economia-2","10":"tag-jornadas-laborales","11":"tag-san-luis","12":"tag-slp","13":"tag-villa-de-pozos"},"_links":{"self":[{"href":"https:\/\/cronicadesoledad.com\/index.php\/wp-json\/wp\/v2\/posts\/16600","targetHints":{"allow":["GET"]}}],"collection":[{"href":"https:\/\/cronicadesoledad.com\/index.php\/wp-json\/wp\/v2\/posts"}],"about":[{"href":"https:\/\/cronicadesoledad.com\/index.php\/wp-json\/wp\/v2\/types\/post"}],"author":[{"embeddable":true,"href":"https:\/\/cronicadesoledad.com\/index.php\/wp-json\/wp\/v2\/users\/1"}],"replies":[{"embeddable":true,"href":"https:\/\/cronicadesoledad.com\/index.php\/wp-json\/wp\/v2\/comments?post=16600"}],"version-history":[{"count":1,"href":"https:\/\/cronicadesoledad.com\/index.php\/wp-json\/wp\/v2\/posts\/16600\/revisions"}],"predecessor-version":[{"id":16602,"href":"https:\/\/cronicadesoledad.com\/index.php\/wp-json\/wp\/v2\/posts\/16600\/revisions\/16602"}],"wp:featuredmedia":[{"embeddable":true,"href":"https:\/\/cronicadesoledad.com\/index.php\/wp-json\/wp\/v2\/media\/16601"}],"wp:attachment":[{"href":"https:\/\/cronicadesoledad.com\/index.php\/wp-json\/wp\/v2\/media?parent=16600"}],"wp:term":[{"taxonomy":"category","embeddable":true,"href":"https:\/\/cronicadesoledad.com\/index.php\/wp-json\/wp\/v2\/categories?post=16600"},{"taxonomy":"post_tag","embeddable":true,"href":"https:\/\/cronicadesoledad.com\/index.php\/wp-json\/wp\/v2\/tags?post=16600"}],"curies":[{"name":"wp","href":"https:\/\/api.w.org\/{rel}","templated":true}]}}