{"id":16661,"date":"2025-03-31T03:10:00","date_gmt":"2025-03-31T09:10:00","guid":{"rendered":"https:\/\/cronicadesoledad.com\/?p=16661"},"modified":"2025-03-31T00:49:55","modified_gmt":"2025-03-31T06:49:55","slug":"entrego-gallardo-nuevas-unidades-de-transporte-publico","status":"publish","type":"post","link":"https:\/\/cronicadesoledad.com\/index.php\/2025\/03\/31\/entrego-gallardo-nuevas-unidades-de-transporte-publico\/","title":{"rendered":"Entreg\u00f3 Gallardo nuevas unidades de transporte p\u00fablico"},"content":{"rendered":"\n<p>El sistema de transporte p\u00fablico de la Zona Metropolitana de San Luis Potos\u00ed inici\u00f3 su transformaci\u00f3n con la entrega de nuevas unidades modernas, marcando el comienzo de un programa que busca mejorar la calidad, eficiencia y sostenibilidad del servicio. Despu\u00e9s de m\u00e1s de 20 a\u00f1os sin una renovaci\u00f3n significativa, esta acci\u00f3n representa un cambio crucial en la movilidad urbana.<\/p>\n\n\n\n<p>Las nuevas unidades est\u00e1n equipadas con tecnolog\u00eda de \u00faltima generaci\u00f3n, lo que permitir\u00e1 optimizar los tiempos de traslado y ofrecer viajes m\u00e1s c\u00f3modos, seguros y eficientes para miles de usuarios que dependen del transporte colectivo en su vida diaria. Este esfuerzo responde a las necesidades de conectividad y movilidad de la poblaci\u00f3n, tras un largo periodo en el que el sector enfrent\u00f3 abandono e insuficiencia en su operaci\u00f3n.<\/p>\n\n\n\n<p>El gobierno estatal destac\u00f3 que esta renovaci\u00f3n es parte de un compromiso m\u00e1s amplio por dignificar el transporte p\u00fablico y mejorar la calidad de vida de las y los potosinos. La incorporaci\u00f3n de estas nuevas unidades es solo el inicio de una estrategia que busca garantizar un servicio accesible, moderno y confiable para la ciudadan\u00eda.<\/p>\n\n\n\n<p>Con esta medida, San Luis Potos\u00ed avanza hacia un modelo de movilidad m\u00e1s sostenible y eficiente, reafirmando su apuesta por un transporte p\u00fablico que mejore la experiencia del usuario y fortalezca la infraestructura de la Zona Metropolitana.<\/p>\n","protected":false},"excerpt":{"rendered":"<p>El sistema de transporte p\u00fablico de la Zona Metropolitana de San Luis Potos\u00ed inici\u00f3 su transformaci\u00f3n con la entrega de nuevas unidades modernas, marcando el comienzo de un programa que busca mejorar la calidad, eficiencia y sostenibilidad del servicio. Despu\u00e9s de m\u00e1s de 20 a\u00f1os sin una renovaci\u00f3n significativa, esta acci\u00f3n representa un cambio crucial [&hellip;]<\/p>\n","protected":false},"author":2,"featured_media":16654,"comment_status":"open","ping_status":"open","sticky":false,"template":"","format":"standard","meta":{"footnotes":""},"categories":[1,24,3080],"tags":[1158,1160,294,261,27,3739],"class_list":{"0":"post-16661","1":"post","2":"type-post","3":"status-publish","4":"format-standard","5":"has-post-thumbnail","7":"category-destacadas","8":"category-informacion-general","9":"category-slp","10":"tag-gobierno-del-estado","11":"tag-ricardo-gallardo-cardona","12":"tag-san-luis","13":"tag-slp","14":"tag-soledad","15":"tag-transporte-ppublico"},"_links":{"self":[{"href":"https:\/\/cronicadesoledad.com\/index.php\/wp-json\/wp\/v2\/posts\/16661","targetHints":{"allow":["GET"]}}],"collection":[{"href":"https:\/\/cronicadesoledad.com\/index.php\/wp-json\/wp\/v2\/posts"}],"about":[{"href":"https:\/\/cronicadesoledad.com\/index.php\/wp-json\/wp\/v2\/types\/post"}],"author":[{"embeddable":true,"href":"https:\/\/cronicadesoledad.com\/index.php\/wp-json\/wp\/v2\/users\/2"}],"replies":[{"embeddable":true,"href":"https:\/\/cronicadesoledad.com\/index.php\/wp-json\/wp\/v2\/comments?post=16661"}],"version-history":[{"count":1,"href":"https:\/\/cronicadesoledad.com\/index.php\/wp-json\/wp\/v2\/posts\/16661\/revisions"}],"predecessor-version":[{"id":16662,"href":"https:\/\/cronicadesoledad.com\/index.php\/wp-json\/wp\/v2\/posts\/16661\/revisions\/16662"}],"wp:featuredmedia":[{"embeddable":true,"href":"https:\/\/cronicadesoledad.com\/index.php\/wp-json\/wp\/v2\/media\/16654"}],"wp:attachment":[{"href":"https:\/\/cronicadesoledad.com\/index.php\/wp-json\/wp\/v2\/media?parent=16661"}],"wp:term":[{"taxonomy":"category","embeddable":true,"href":"https:\/\/cronicadesoledad.com\/index.php\/wp-json\/wp\/v2\/categories?post=16661"},{"taxonomy":"post_tag","embeddable":true,"href":"https:\/\/cronicadesoledad.com\/index.php\/wp-json\/wp\/v2\/tags?post=16661"}],"curies":[{"name":"wp","href":"https:\/\/api.w.org\/{rel}","templated":true}]}}