{"id":16672,"date":"2025-03-31T12:47:29","date_gmt":"2025-03-31T18:47:29","guid":{"rendered":"https:\/\/cronicadesoledad.com\/?p=16672"},"modified":"2025-03-31T12:47:30","modified_gmt":"2025-03-31T18:47:30","slug":"el-realito-vuelve-a-operar-tras-nueva-falla-en-el-suministro","status":"publish","type":"post","link":"https:\/\/cronicadesoledad.com\/index.php\/2025\/03\/31\/el-realito-vuelve-a-operar-tras-nueva-falla-en-el-suministro\/","title":{"rendered":"El Realito vuelve a operar tras nueva falla en el suministro"},"content":{"rendered":"\n<p>Despu\u00e9s de seis d\u00edas de suspensi\u00f3n, el servicio de agua proveniente de El Realito fue reactivado este lunes, luego de que la empresa operadora del ducto concluyera las labores de reparaci\u00f3n. El l\u00edquido ya comenz\u00f3 a llegar a los tanques de almacenamiento y, tras la certificaci\u00f3n de su calidad, se distribuir\u00e1 gradualmente a las colonias afectadas.<\/p>\n\n\n\n<p>Esta reciente aver\u00eda representa la segunda registrada en marzo y la quinta en lo que va del a\u00f1o, afectando el suministro en gran parte de la zona metropolitana de San Luis Potos\u00ed. La recurrencia de estos incidentes ha generado preocupaci\u00f3n entre la poblaci\u00f3n, que sigue enfrentando interrupciones constantes.<\/p>\n\n\n\n<p>Por otro lado, el organismo operador de agua y alcantarillado, Interapas, atendi\u00f3 una fuga en el barrio de Tequisquiapan tras recibir reportes ciudadanos. Vecinos denunciaron el desperdicio del recurso en las calles An\u00e1huac y Altamirano, donde el agua ya corr\u00eda por varias cuadras. En respuesta, personal de Interapas acudi\u00f3 al sitio y confirm\u00f3 que el derrame proven\u00eda de una caja de v\u00e1lvulas, logrando controlarlo en pocas horas.<\/p>\n","protected":false},"excerpt":{"rendered":"<p>Despu\u00e9s de seis d\u00edas de suspensi\u00f3n, el servicio de agua proveniente de El Realito fue reactivado este lunes, luego de que la empresa operadora del ducto concluyera las labores de reparaci\u00f3n. El l\u00edquido ya comenz\u00f3 a llegar a los tanques de almacenamiento y, tras la certificaci\u00f3n de su calidad, se distribuir\u00e1 gradualmente a las colonias [&hellip;]<\/p>\n","protected":false},"author":1,"featured_media":16673,"comment_status":"open","ping_status":"open","sticky":false,"template":"","format":"standard","meta":{"footnotes":""},"categories":[30,24,3163,3080],"tags":[530,2655,3298,294,261,27,3741],"class_list":{"0":"post-16672","1":"post","2":"type-post","3":"status-publish","4":"format-standard","5":"has-post-thumbnail","7":"category-de-la-region-centro","8":"category-informacion-general","9":"category-san-luis-potosi","10":"category-slp","11":"tag-agua","12":"tag-el-realito","13":"tag-falla","14":"tag-san-luis","15":"tag-slp","16":"tag-soledad","17":"tag-suministro"},"_links":{"self":[{"href":"https:\/\/cronicadesoledad.com\/index.php\/wp-json\/wp\/v2\/posts\/16672","targetHints":{"allow":["GET"]}}],"collection":[{"href":"https:\/\/cronicadesoledad.com\/index.php\/wp-json\/wp\/v2\/posts"}],"about":[{"href":"https:\/\/cronicadesoledad.com\/index.php\/wp-json\/wp\/v2\/types\/post"}],"author":[{"embeddable":true,"href":"https:\/\/cronicadesoledad.com\/index.php\/wp-json\/wp\/v2\/users\/1"}],"replies":[{"embeddable":true,"href":"https:\/\/cronicadesoledad.com\/index.php\/wp-json\/wp\/v2\/comments?post=16672"}],"version-history":[{"count":1,"href":"https:\/\/cronicadesoledad.com\/index.php\/wp-json\/wp\/v2\/posts\/16672\/revisions"}],"predecessor-version":[{"id":16674,"href":"https:\/\/cronicadesoledad.com\/index.php\/wp-json\/wp\/v2\/posts\/16672\/revisions\/16674"}],"wp:featuredmedia":[{"embeddable":true,"href":"https:\/\/cronicadesoledad.com\/index.php\/wp-json\/wp\/v2\/media\/16673"}],"wp:attachment":[{"href":"https:\/\/cronicadesoledad.com\/index.php\/wp-json\/wp\/v2\/media?parent=16672"}],"wp:term":[{"taxonomy":"category","embeddable":true,"href":"https:\/\/cronicadesoledad.com\/index.php\/wp-json\/wp\/v2\/categories?post=16672"},{"taxonomy":"post_tag","embeddable":true,"href":"https:\/\/cronicadesoledad.com\/index.php\/wp-json\/wp\/v2\/tags?post=16672"}],"curies":[{"name":"wp","href":"https:\/\/api.w.org\/{rel}","templated":true}]}}