{"id":16681,"date":"2025-03-31T15:00:00","date_gmt":"2025-03-31T21:00:00","guid":{"rendered":"https:\/\/cronicadesoledad.com\/?p=16681"},"modified":"2025-03-31T13:18:13","modified_gmt":"2025-03-31T19:18:13","slug":"giovanna-arguelles-asume-segundo-mandato-en-la-cedh","status":"publish","type":"post","link":"https:\/\/cronicadesoledad.com\/index.php\/2025\/03\/31\/giovanna-arguelles-asume-segundo-mandato-en-la-cedh\/","title":{"rendered":"Giovanna Arg\u00fcelles asume segundo mandato en la CEDH"},"content":{"rendered":"\n<p>Giovanna Arg\u00fcelles Moreno tom\u00f3 protesta este lunes como presidenta de la Comisi\u00f3n Estatal de Derechos Humanos (CEDH) de San Luis Potos\u00ed para el periodo 2025-2029, tras ser reelegida por el Congreso del Estado el pasado 27 de marzo.<\/p>\n\n\n\n<p>Durante la sesi\u00f3n legislativa en la que se defini\u00f3 su continuidad, Arg\u00fcelles Moreno obtuvo 20 votos a favor, superando a Ricardo Enrique Rivera Silva, quien recibi\u00f3 seis. Con ello, se mantiene al frente del organismo, con la responsabilidad de dar seguimiento a las acciones implementadas en su gesti\u00f3n anterior.<\/p>\n\n\n\n<p>En su toma de protesta, destac\u00f3 su compromiso de garantizar la protecci\u00f3n de los derechos humanos en la entidad y fortalecer el trabajo de la CEDH en beneficio de la ciudadan\u00eda. Acompa\u00f1ada de su equipo de trabajo, que tambi\u00e9n asumi\u00f3 funciones, subray\u00f3 la importancia de consolidar las pol\u00edticas de defensa de los derechos fundamentales en San Luis Potos\u00ed.<\/p>\n","protected":false},"excerpt":{"rendered":"<p>Giovanna Arg\u00fcelles Moreno tom\u00f3 protesta este lunes como presidenta de la Comisi\u00f3n Estatal de Derechos Humanos (CEDH) de San Luis Potos\u00ed para el periodo 2025-2029, tras ser reelegida por el Congreso del Estado el pasado 27 de marzo. Durante la sesi\u00f3n legislativa en la que se defini\u00f3 su continuidad, Arg\u00fcelles Moreno obtuvo 20 votos a [&hellip;]<\/p>\n","protected":false},"author":1,"featured_media":16682,"comment_status":"open","ping_status":"open","sticky":false,"template":"","format":"standard","meta":{"footnotes":""},"categories":[30,24,3163,3080],"tags":[284,3742,294,261,27,2764],"class_list":{"0":"post-16681","1":"post","2":"type-post","3":"status-publish","4":"format-standard","5":"has-post-thumbnail","7":"category-de-la-region-centro","8":"category-informacion-general","9":"category-san-luis-potosi","10":"category-slp","11":"tag-cedh","12":"tag-giovanna-arguelles","13":"tag-san-luis","14":"tag-slp","15":"tag-soledad","16":"tag-toma-de-protesta"},"_links":{"self":[{"href":"https:\/\/cronicadesoledad.com\/index.php\/wp-json\/wp\/v2\/posts\/16681","targetHints":{"allow":["GET"]}}],"collection":[{"href":"https:\/\/cronicadesoledad.com\/index.php\/wp-json\/wp\/v2\/posts"}],"about":[{"href":"https:\/\/cronicadesoledad.com\/index.php\/wp-json\/wp\/v2\/types\/post"}],"author":[{"embeddable":true,"href":"https:\/\/cronicadesoledad.com\/index.php\/wp-json\/wp\/v2\/users\/1"}],"replies":[{"embeddable":true,"href":"https:\/\/cronicadesoledad.com\/index.php\/wp-json\/wp\/v2\/comments?post=16681"}],"version-history":[{"count":1,"href":"https:\/\/cronicadesoledad.com\/index.php\/wp-json\/wp\/v2\/posts\/16681\/revisions"}],"predecessor-version":[{"id":16683,"href":"https:\/\/cronicadesoledad.com\/index.php\/wp-json\/wp\/v2\/posts\/16681\/revisions\/16683"}],"wp:featuredmedia":[{"embeddable":true,"href":"https:\/\/cronicadesoledad.com\/index.php\/wp-json\/wp\/v2\/media\/16682"}],"wp:attachment":[{"href":"https:\/\/cronicadesoledad.com\/index.php\/wp-json\/wp\/v2\/media?parent=16681"}],"wp:term":[{"taxonomy":"category","embeddable":true,"href":"https:\/\/cronicadesoledad.com\/index.php\/wp-json\/wp\/v2\/categories?post=16681"},{"taxonomy":"post_tag","embeddable":true,"href":"https:\/\/cronicadesoledad.com\/index.php\/wp-json\/wp\/v2\/tags?post=16681"}],"curies":[{"name":"wp","href":"https:\/\/api.w.org\/{rel}","templated":true}]}}