{"id":16699,"date":"2025-03-31T18:30:00","date_gmt":"2025-04-01T00:30:00","guid":{"rendered":"https:\/\/cronicadesoledad.com\/?p=16699"},"modified":"2025-03-31T17:12:13","modified_gmt":"2025-03-31T23:12:13","slug":"kany-garcia-llena-de-emocion-el-teatro-de-la-ciudad","status":"publish","type":"post","link":"https:\/\/cronicadesoledad.com\/index.php\/2025\/03\/31\/kany-garcia-llena-de-emocion-el-teatro-de-la-ciudad\/","title":{"rendered":"Kany Garc\u00eda llena de emoci\u00f3n el Teatro de la Ciudad"},"content":{"rendered":"\n<p>La cantautora puertorrique\u00f1a Kany Garc\u00eda se present\u00f3 en el Teatro de la Ciudad del Parque Tangamanga I, ofreciendo un concierto en el que el p\u00fablico cant\u00f3 y se emocion\u00f3 con cada interpretaci\u00f3n.<\/p>\n\n\n\n<p>A lo largo de la noche, Garc\u00eda recorri\u00f3 su repertorio con temas como Te lo Agradezco, Hoy Ya Me Voy, Para Siempre, Confieso, La Siguiente y En Esta Boca. La conexi\u00f3n con sus seguidores se hizo evidente cuando invit\u00f3 al escenario a una fan para celebrar su cumplea\u00f1os, cumpliendo su deseo de conocerla y tomarse una fotograf\u00eda juntas.<\/p>\n\n\n\n<p>El evento tambi\u00e9n destac\u00f3 por la producci\u00f3n y organizaci\u00f3n. La productora 365 agradeci\u00f3 el apoyo estatal para la realizaci\u00f3n de espect\u00e1culos de gran nivel, resaltando la importancia de atraer artistas internacionales a la ciudad.<\/p>\n\n\n\n<p>Adem\u00e1s, Ana Rosa Pineda Guel, titular de los Centros Estatales de Cultura y Recreaci\u00f3n Tangamanga (Cecurt), enfatiz\u00f3 la transformaci\u00f3n del Teatro de la Ciudad en un escenario clave para la cultura y el entretenimiento en San Luis Potos\u00ed. Con una programaci\u00f3n que ya incluye hasta dos eventos mensuales y planes de expansi\u00f3n, el recinto se consolida como un punto de encuentro para espect\u00e1culos de calidad.<\/p>\n","protected":false},"excerpt":{"rendered":"<p>La cantautora puertorrique\u00f1a Kany Garc\u00eda se present\u00f3 en el Teatro de la Ciudad del Parque Tangamanga I, ofreciendo un concierto en el que el p\u00fablico cant\u00f3 y se emocion\u00f3 con cada interpretaci\u00f3n. A lo largo de la noche, Garc\u00eda recorri\u00f3 su repertorio con temas como Te lo Agradezco, Hoy Ya Me Voy, Para Siempre, Confieso, [&hellip;]<\/p>\n","protected":false},"author":1,"featured_media":16700,"comment_status":"open","ping_status":"open","sticky":false,"template":"","format":"standard","meta":{"footnotes":""},"categories":[30,24,3163,3080],"tags":[3694,3746,294,261,27,3747],"class_list":{"0":"post-16699","1":"post","2":"type-post","3":"status-publish","4":"format-standard","5":"has-post-thumbnail","7":"category-de-la-region-centro","8":"category-informacion-general","9":"category-san-luis-potosi","10":"category-slp","11":"tag-espectaculo","12":"tag-kany-garcia","13":"tag-san-luis","14":"tag-slp","15":"tag-soledad","16":"tag-teatro-de-la-ciudad"},"_links":{"self":[{"href":"https:\/\/cronicadesoledad.com\/index.php\/wp-json\/wp\/v2\/posts\/16699","targetHints":{"allow":["GET"]}}],"collection":[{"href":"https:\/\/cronicadesoledad.com\/index.php\/wp-json\/wp\/v2\/posts"}],"about":[{"href":"https:\/\/cronicadesoledad.com\/index.php\/wp-json\/wp\/v2\/types\/post"}],"author":[{"embeddable":true,"href":"https:\/\/cronicadesoledad.com\/index.php\/wp-json\/wp\/v2\/users\/1"}],"replies":[{"embeddable":true,"href":"https:\/\/cronicadesoledad.com\/index.php\/wp-json\/wp\/v2\/comments?post=16699"}],"version-history":[{"count":1,"href":"https:\/\/cronicadesoledad.com\/index.php\/wp-json\/wp\/v2\/posts\/16699\/revisions"}],"predecessor-version":[{"id":16701,"href":"https:\/\/cronicadesoledad.com\/index.php\/wp-json\/wp\/v2\/posts\/16699\/revisions\/16701"}],"wp:featuredmedia":[{"embeddable":true,"href":"https:\/\/cronicadesoledad.com\/index.php\/wp-json\/wp\/v2\/media\/16700"}],"wp:attachment":[{"href":"https:\/\/cronicadesoledad.com\/index.php\/wp-json\/wp\/v2\/media?parent=16699"}],"wp:term":[{"taxonomy":"category","embeddable":true,"href":"https:\/\/cronicadesoledad.com\/index.php\/wp-json\/wp\/v2\/categories?post=16699"},{"taxonomy":"post_tag","embeddable":true,"href":"https:\/\/cronicadesoledad.com\/index.php\/wp-json\/wp\/v2\/tags?post=16699"}],"curies":[{"name":"wp","href":"https:\/\/api.w.org\/{rel}","templated":true}]}}