{"id":16702,"date":"2025-03-31T19:00:00","date_gmt":"2025-04-01T01:00:00","guid":{"rendered":"https:\/\/cronicadesoledad.com\/?p=16702"},"modified":"2025-03-31T17:25:48","modified_gmt":"2025-03-31T23:25:48","slug":"seguro-medico-gratuito-para-estudiantes-de-nivel-basico-en-slp","status":"publish","type":"post","link":"https:\/\/cronicadesoledad.com\/index.php\/2025\/03\/31\/seguro-medico-gratuito-para-estudiantes-de-nivel-basico-en-slp\/","title":{"rendered":"Seguro m\u00e9dico gratuito para estudiantes de nivel b\u00e1sico en SLP"},"content":{"rendered":"\n<p>El Gobierno de San Luis Potos\u00ed implementar\u00e1 un seguro de gastos m\u00e9dicos mayores para m\u00e1s de 513 mil estudiantes de preescolar, primaria y secundaria en escuelas p\u00fablicas. El programa garantizar\u00e1 atenci\u00f3n en casos de accidentes menores y emergencias graves, sin que las familias tengan que cubrir ning\u00fan costo.<\/p>\n\n\n\n<p>El esquema de cobertura incluye apoyo econ\u00f3mico para fracturas y, en situaciones m\u00e1s cr\u00edticas, asistencia para gastos funerarios y orientaci\u00f3n legal para los familiares. De acuerdo con las autoridades, en colegios privados este tipo de seguros pueden costar hasta ocho mil pesos anuales, mientras que en las escuelas p\u00fablicas ser\u00e1 completamente gratuito.<\/p>\n\n\n\n<p>Para su implementaci\u00f3n, el estado destinar\u00e1 m\u00e1s de cien millones de pesos. Las p\u00f3lizas ser\u00e1n entregadas directamente en los planteles y, a partir del pr\u00f3ximo a\u00f1o, se renovar\u00e1n autom\u00e1ticamente.<\/p>\n\n\n\n<p>Este programa forma parte de una estrategia m\u00e1s amplia que busca apoyar a la comunidad estudiantil con iniciativas como la titulaci\u00f3n gratuita para universitarios, que ya ha beneficiado a miles de j\u00f3venes y busca extenderse a m\u00e1s estudiantes.<\/p>\n","protected":false},"excerpt":{"rendered":"<p>El Gobierno de San Luis Potos\u00ed implementar\u00e1 un seguro de gastos m\u00e9dicos mayores para m\u00e1s de 513 mil estudiantes de preescolar, primaria y secundaria en escuelas p\u00fablicas. El programa garantizar\u00e1 atenci\u00f3n en casos de accidentes menores y emergencias graves, sin que las familias tengan que cubrir ning\u00fan costo. El esquema de cobertura incluye apoyo econ\u00f3mico [&hellip;]<\/p>\n","protected":false},"author":1,"featured_media":16703,"comment_status":"open","ping_status":"open","sticky":false,"template":"","format":"standard","meta":{"footnotes":""},"categories":[30,24],"tags":[256,177,269,294,3748,261,27],"class_list":{"0":"post-16702","1":"post","2":"type-post","3":"status-publish","4":"format-standard","5":"has-post-thumbnail","7":"category-de-la-region-centro","8":"category-informacion-general","9":"tag-estudiantes","10":"tag-ricardo-gallardo","11":"tag-salud","12":"tag-san-luis","13":"tag-seguro-medico","14":"tag-slp","15":"tag-soledad"},"_links":{"self":[{"href":"https:\/\/cronicadesoledad.com\/index.php\/wp-json\/wp\/v2\/posts\/16702","targetHints":{"allow":["GET"]}}],"collection":[{"href":"https:\/\/cronicadesoledad.com\/index.php\/wp-json\/wp\/v2\/posts"}],"about":[{"href":"https:\/\/cronicadesoledad.com\/index.php\/wp-json\/wp\/v2\/types\/post"}],"author":[{"embeddable":true,"href":"https:\/\/cronicadesoledad.com\/index.php\/wp-json\/wp\/v2\/users\/1"}],"replies":[{"embeddable":true,"href":"https:\/\/cronicadesoledad.com\/index.php\/wp-json\/wp\/v2\/comments?post=16702"}],"version-history":[{"count":1,"href":"https:\/\/cronicadesoledad.com\/index.php\/wp-json\/wp\/v2\/posts\/16702\/revisions"}],"predecessor-version":[{"id":16704,"href":"https:\/\/cronicadesoledad.com\/index.php\/wp-json\/wp\/v2\/posts\/16702\/revisions\/16704"}],"wp:featuredmedia":[{"embeddable":true,"href":"https:\/\/cronicadesoledad.com\/index.php\/wp-json\/wp\/v2\/media\/16703"}],"wp:attachment":[{"href":"https:\/\/cronicadesoledad.com\/index.php\/wp-json\/wp\/v2\/media?parent=16702"}],"wp:term":[{"taxonomy":"category","embeddable":true,"href":"https:\/\/cronicadesoledad.com\/index.php\/wp-json\/wp\/v2\/categories?post=16702"},{"taxonomy":"post_tag","embeddable":true,"href":"https:\/\/cronicadesoledad.com\/index.php\/wp-json\/wp\/v2\/tags?post=16702"}],"curies":[{"name":"wp","href":"https:\/\/api.w.org\/{rel}","templated":true}]}}