{"id":16715,"date":"2025-03-31T21:29:32","date_gmt":"2025-04-01T03:29:32","guid":{"rendered":"https:\/\/cronicadesoledad.com\/?p=16715"},"modified":"2025-03-31T21:29:32","modified_gmt":"2025-04-01T03:29:32","slug":"conforman-el-primer-comite-de-seguridad-y-participacion-ciudadana","status":"publish","type":"post","link":"https:\/\/cronicadesoledad.com\/index.php\/2025\/03\/31\/conforman-el-primer-comite-de-seguridad-y-participacion-ciudadana\/","title":{"rendered":"Conforman el primer Comit\u00e9 de Seguridad y Participaci\u00f3n Ciudadana"},"content":{"rendered":"\n<p>Para fortalecer la relaci\u00f3n cercana con la poblaci\u00f3n y mantener la paz social en las colonias de la&nbsp; demarcaci\u00f3n, la Guardia Civil Municipal de Soledad de Graciano S\u00e1nchez, a trav\u00e9s de su titular, comisario&nbsp; Rafael Mendoza Salazar, asisti\u00f3 a la instalaci\u00f3n del primer Comit\u00e9 de Seguridad y Participaci\u00f3n Ciudadana, con habitantes de la colonia La Constancia, el cual ser\u00e1 fundamental para fortalecer la relaci\u00f3n directa de las autoridades con la poblaci\u00f3n, en materia de protecci\u00f3n, prevenci\u00f3n de delitos y proximidad social.&nbsp;<\/p>\n\n\n\n<p>Durante la conformaci\u00f3n de este Comit\u00e9, participaron tambi\u00e9n los titulares de Fuerzas Municipales y de Seguridad Vial y Movilidad, V\u00edctor Aristarco Serna Pi\u00f1a y Edgar Horacio Obreg\u00f3n Coronado, respectivamente. Los tres mandos polic\u00edacos reafirmaron la pol\u00edtica de cercan\u00eda instruida por el Alcalde, Juan Manuel Navarro Mu\u00f1iz, y del compromiso con la tranquilidad social de Soledad.<\/p>\n\n\n\n<p>En el desarrollo del Comit\u00e9, las personas presentes fueron participes de temas importantes para la colaboraci\u00f3n conjunta en la prevenci\u00f3n de delitos, as\u00ed como para conformar una comunicaci\u00f3n directa y que se acorten los tiempos de respuesta ante una llamada de auxilio; se entregaron los n\u00fameros directos de la corporaci\u00f3n para que se preste atenci\u00f3n inmediata en caso de cualquier incidencia.<\/p>\n\n\n\n<p>Qued\u00f3 expuesto por parte de la Guardia Civil Municipal de Soledad, un trabajo permanente en todas las zonas del municipio, la importancia de la ciudadan\u00eda colabora con la corporaci\u00f3n para la actuaci\u00f3n r\u00e1pida y eficiente del cuerpo policial, as\u00ed como la presencia constante de los dispositivos de vigilancia en cada colonia y localidad rural.<\/p>\n","protected":false},"excerpt":{"rendered":"<p>Para fortalecer la relaci\u00f3n cercana con la poblaci\u00f3n y mantener la paz social en las colonias de la&nbsp; demarcaci\u00f3n, la Guardia Civil Municipal de Soledad de Graciano S\u00e1nchez, a trav\u00e9s de su titular, comisario&nbsp; Rafael Mendoza Salazar, asisti\u00f3 a la instalaci\u00f3n del primer Comit\u00e9 de Seguridad y Participaci\u00f3n Ciudadana, con habitantes de la colonia La [&hellip;]<\/p>\n","protected":false},"author":2,"featured_media":16716,"comment_status":"open","ping_status":"open","sticky":false,"template":"","format":"standard","meta":{"footnotes":""},"categories":[1,24,19,21],"tags":[223,3752,2483,294,276,261,27],"class_list":{"0":"post-16715","1":"post","2":"type-post","3":"status-publish","4":"format-standard","5":"has-post-thumbnail","7":"category-destacadas","8":"category-informacion-general","9":"category-seguridad","10":"category-tu-soledad","11":"tag-ayuntamiento-soledense","12":"tag-comite-de-seguridad-y-participacion-ciudadana","13":"tag-guardia-civil-municipal","14":"tag-san-luis","15":"tag-seguridad","16":"tag-slp","17":"tag-soledad"},"_links":{"self":[{"href":"https:\/\/cronicadesoledad.com\/index.php\/wp-json\/wp\/v2\/posts\/16715","targetHints":{"allow":["GET"]}}],"collection":[{"href":"https:\/\/cronicadesoledad.com\/index.php\/wp-json\/wp\/v2\/posts"}],"about":[{"href":"https:\/\/cronicadesoledad.com\/index.php\/wp-json\/wp\/v2\/types\/post"}],"author":[{"embeddable":true,"href":"https:\/\/cronicadesoledad.com\/index.php\/wp-json\/wp\/v2\/users\/2"}],"replies":[{"embeddable":true,"href":"https:\/\/cronicadesoledad.com\/index.php\/wp-json\/wp\/v2\/comments?post=16715"}],"version-history":[{"count":1,"href":"https:\/\/cronicadesoledad.com\/index.php\/wp-json\/wp\/v2\/posts\/16715\/revisions"}],"predecessor-version":[{"id":16717,"href":"https:\/\/cronicadesoledad.com\/index.php\/wp-json\/wp\/v2\/posts\/16715\/revisions\/16717"}],"wp:featuredmedia":[{"embeddable":true,"href":"https:\/\/cronicadesoledad.com\/index.php\/wp-json\/wp\/v2\/media\/16716"}],"wp:attachment":[{"href":"https:\/\/cronicadesoledad.com\/index.php\/wp-json\/wp\/v2\/media?parent=16715"}],"wp:term":[{"taxonomy":"category","embeddable":true,"href":"https:\/\/cronicadesoledad.com\/index.php\/wp-json\/wp\/v2\/categories?post=16715"},{"taxonomy":"post_tag","embeddable":true,"href":"https:\/\/cronicadesoledad.com\/index.php\/wp-json\/wp\/v2\/tags?post=16715"}],"curies":[{"name":"wp","href":"https:\/\/api.w.org\/{rel}","templated":true}]}}