{"id":16729,"date":"2025-04-01T00:01:44","date_gmt":"2025-04-01T06:01:44","guid":{"rendered":"https:\/\/cronicadesoledad.com\/?p=16729"},"modified":"2025-04-01T00:01:45","modified_gmt":"2025-04-01T06:01:45","slug":"villa-de-pozos-participara-en-la-clase-nacional-de-boxeo-2025","status":"publish","type":"post","link":"https:\/\/cronicadesoledad.com\/index.php\/2025\/04\/01\/villa-de-pozos-participara-en-la-clase-nacional-de-boxeo-2025\/","title":{"rendered":"Villa de Pozos participar\u00e1 en la Clase Nacional de Boxeo 2025"},"content":{"rendered":"\n<p>Como parte del D\u00eda Internacional del Deporte para el Desarrollo y la Paz, el municipio de Villa de Pozos, a trav\u00e9s de la concejal presidenta Tere Rivera, se sumar\u00e1 a la Clase Nacional de Boxeo 2025.<\/p>\n\n\n\n<p>El evento, convocado a nivel nacional por la presidenta Claudia Sheinbaum, se llevar\u00e1 a cabo el pr\u00f3ximo 6 de abril a las 9:00 horas en la plaza principal del municipio.<\/p>\n\n\n\n<p>Esta actividad tiene como objetivo fomentar el deporte y la actividad f\u00edsica, as\u00ed como promover valores como la disciplina y la convivencia. Se invita a la poblaci\u00f3n a participar en esta jornada, que busca impulsar el bienestar y la integraci\u00f3n social a trav\u00e9s del boxeo.<\/p>\n","protected":false},"excerpt":{"rendered":"<p>Como parte del D\u00eda Internacional del Deporte para el Desarrollo y la Paz, el municipio de Villa de Pozos, a trav\u00e9s de la concejal presidenta Tere Rivera, se sumar\u00e1 a la Clase Nacional de Boxeo 2025. El evento, convocado a nivel nacional por la presidenta Claudia Sheinbaum, se llevar\u00e1 a cabo el pr\u00f3ximo 6 de [&hellip;]<\/p>\n","protected":false},"author":1,"featured_media":16730,"comment_status":"open","ping_status":"open","sticky":false,"template":"","format":"standard","meta":{"footnotes":""},"categories":[20,24,3175],"tags":[3208,291,294,261,1068],"class_list":{"0":"post-16729","1":"post","2":"type-post","3":"status-publish","4":"format-standard","5":"has-post-thumbnail","7":"category-cronica-deportiva","8":"category-informacion-general","9":"category-pozos","10":"tag-boxeo","11":"tag-deportes","12":"tag-san-luis","13":"tag-slp","14":"tag-villa-de-pozos"},"_links":{"self":[{"href":"https:\/\/cronicadesoledad.com\/index.php\/wp-json\/wp\/v2\/posts\/16729","targetHints":{"allow":["GET"]}}],"collection":[{"href":"https:\/\/cronicadesoledad.com\/index.php\/wp-json\/wp\/v2\/posts"}],"about":[{"href":"https:\/\/cronicadesoledad.com\/index.php\/wp-json\/wp\/v2\/types\/post"}],"author":[{"embeddable":true,"href":"https:\/\/cronicadesoledad.com\/index.php\/wp-json\/wp\/v2\/users\/1"}],"replies":[{"embeddable":true,"href":"https:\/\/cronicadesoledad.com\/index.php\/wp-json\/wp\/v2\/comments?post=16729"}],"version-history":[{"count":1,"href":"https:\/\/cronicadesoledad.com\/index.php\/wp-json\/wp\/v2\/posts\/16729\/revisions"}],"predecessor-version":[{"id":16731,"href":"https:\/\/cronicadesoledad.com\/index.php\/wp-json\/wp\/v2\/posts\/16729\/revisions\/16731"}],"wp:featuredmedia":[{"embeddable":true,"href":"https:\/\/cronicadesoledad.com\/index.php\/wp-json\/wp\/v2\/media\/16730"}],"wp:attachment":[{"href":"https:\/\/cronicadesoledad.com\/index.php\/wp-json\/wp\/v2\/media?parent=16729"}],"wp:term":[{"taxonomy":"category","embeddable":true,"href":"https:\/\/cronicadesoledad.com\/index.php\/wp-json\/wp\/v2\/categories?post=16729"},{"taxonomy":"post_tag","embeddable":true,"href":"https:\/\/cronicadesoledad.com\/index.php\/wp-json\/wp\/v2\/tags?post=16729"}],"curies":[{"name":"wp","href":"https:\/\/api.w.org\/{rel}","templated":true}]}}