{"id":16752,"date":"2025-04-01T14:00:00","date_gmt":"2025-04-01T20:00:00","guid":{"rendered":"https:\/\/cronicadesoledad.com\/?p=16752"},"modified":"2025-04-01T13:42:34","modified_gmt":"2025-04-01T19:42:34","slug":"chavez-regresa-a-slp-con-sueno-de-un-campeon","status":"publish","type":"post","link":"https:\/\/cronicadesoledad.com\/index.php\/2025\/04\/01\/chavez-regresa-a-slp-con-sueno-de-un-campeon\/","title":{"rendered":"Ch\u00e1vez regresa a SLP con sue\u00f1o de un campe\u00f3n"},"content":{"rendered":"\n<p>El evento gratuito ser\u00e1 en el Teatro de la Ciudad del Tangamanga I el mi\u00e9rcoles a las 17:30 horas.<\/p>\n\n\n\n<p>El Gobierno del Estado, a trav\u00e9s del Instituto Potosino de Cultura F\u00edsica y Deporte (Inpode) y el Centro de Cultura y Recreaci\u00f3n Tangamanga I y II (Cecurt), invitan a la conferencia \u201cEl Sue\u00f1o de un Campe\u00f3n\u201d, impartida por el legendario boxeador Julio C\u00e9sar Ch\u00e1vez, este 2 de abril a las 17:30 horas, con acceso totalmente gratuito en el Teatro de la Ciudad del Tangamanga I.<\/p>\n\n\n\n<p>Gracias al firme apoyo en deporte que promueve la administraci\u00f3n del Gobernador del Estado, Ricardo Gallardo Cardona, la leyenda del boxeo mexicano, Julio C\u00e9sar Ch\u00e1vez, compartir\u00e1 su inspiradora historia personal y profesional, haciendo hincapi\u00e9 en su lucha contra las adicciones y c\u00f3mo su familia lo motiv\u00f3 a superarse. Este evento representa una excelente oportunidad para que los asistentes conozcan de cerca la trayectoria de uno de los m\u00e1s grandes exponentes del boxeo a nivel mundial.<\/p>\n\n\n\n<p>Adem\u00e1s, el gran campe\u00f3n mexicano visitar\u00e1 el Centro de Reinserci\u00f3n de La Pila en la ma\u00f1ana del mismo d\u00eda, donde se reunir\u00e1 con Personas Privadas de su Libertad (PPL). A trav\u00e9s de su experiencia, Ch\u00e1vez buscar\u00e1 motivar a los PPL, mostr\u00e1ndoles que es posible enfrentar las adversidades y salir adelante, sin importar las circunstancias. Su presencia en este espacio demuestra un compromiso con la transformaci\u00f3n social y la posibilidad de redenci\u00f3n<\/p>\n","protected":false},"excerpt":{"rendered":"<p>El evento gratuito ser\u00e1 en el Teatro de la Ciudad del Tangamanga I el mi\u00e9rcoles a las 17:30 horas. El Gobierno del Estado, a trav\u00e9s del Instituto Potosino de Cultura F\u00edsica y Deporte (Inpode) y el Centro de Cultura y Recreaci\u00f3n Tangamanga I y II (Cecurt), invitan a la conferencia \u201cEl Sue\u00f1o de un Campe\u00f3n\u201d, [&hellip;]<\/p>\n","protected":false},"author":1,"featured_media":16753,"comment_status":"open","ping_status":"open","sticky":false,"template":"","format":"standard","meta":{"footnotes":""},"categories":[24,3163],"tags":[3211,3207,261,3747],"class_list":{"0":"post-16752","1":"post","2":"type-post","3":"status-publish","4":"format-standard","5":"has-post-thumbnail","7":"category-informacion-general","8":"category-san-luis-potosi","9":"tag-inpode","10":"tag-julio-cesar-chavez","11":"tag-slp","12":"tag-teatro-de-la-ciudad"},"_links":{"self":[{"href":"https:\/\/cronicadesoledad.com\/index.php\/wp-json\/wp\/v2\/posts\/16752","targetHints":{"allow":["GET"]}}],"collection":[{"href":"https:\/\/cronicadesoledad.com\/index.php\/wp-json\/wp\/v2\/posts"}],"about":[{"href":"https:\/\/cronicadesoledad.com\/index.php\/wp-json\/wp\/v2\/types\/post"}],"author":[{"embeddable":true,"href":"https:\/\/cronicadesoledad.com\/index.php\/wp-json\/wp\/v2\/users\/1"}],"replies":[{"embeddable":true,"href":"https:\/\/cronicadesoledad.com\/index.php\/wp-json\/wp\/v2\/comments?post=16752"}],"version-history":[{"count":1,"href":"https:\/\/cronicadesoledad.com\/index.php\/wp-json\/wp\/v2\/posts\/16752\/revisions"}],"predecessor-version":[{"id":16754,"href":"https:\/\/cronicadesoledad.com\/index.php\/wp-json\/wp\/v2\/posts\/16752\/revisions\/16754"}],"wp:featuredmedia":[{"embeddable":true,"href":"https:\/\/cronicadesoledad.com\/index.php\/wp-json\/wp\/v2\/media\/16753"}],"wp:attachment":[{"href":"https:\/\/cronicadesoledad.com\/index.php\/wp-json\/wp\/v2\/media?parent=16752"}],"wp:term":[{"taxonomy":"category","embeddable":true,"href":"https:\/\/cronicadesoledad.com\/index.php\/wp-json\/wp\/v2\/categories?post=16752"},{"taxonomy":"post_tag","embeddable":true,"href":"https:\/\/cronicadesoledad.com\/index.php\/wp-json\/wp\/v2\/tags?post=16752"}],"curies":[{"name":"wp","href":"https:\/\/api.w.org\/{rel}","templated":true}]}}