{"id":16789,"date":"2025-04-02T14:30:00","date_gmt":"2025-04-02T20:30:00","guid":{"rendered":"https:\/\/cronicadesoledad.com\/?p=16789"},"modified":"2025-04-02T13:07:24","modified_gmt":"2025-04-02T19:07:24","slug":"slp-tendra-encuentro-nacional-de-bandas-sinfonicas","status":"publish","type":"post","link":"https:\/\/cronicadesoledad.com\/index.php\/2025\/04\/02\/slp-tendra-encuentro-nacional-de-bandas-sinfonicas\/","title":{"rendered":"SLP tendr\u00e1 encuentro nacional de bandas sinf\u00f3nicas"},"content":{"rendered":"\n<p>La Secretar\u00eda de Cultura (Secult), present\u00f3 el XXII Encuentro Nacional de Bandas Sinf\u00f3nicas Charcas 2025, el 12 y 13 de abril con la participaci\u00f3n del Estado de M\u00e9xico; Quer\u00e9taro; Michoac\u00e1n y Guerrero, as\u00ed como los municipios de Rioverde, Ciudad Valles, y Charcas, lo que brindar\u00e1 m\u00e1s apoyo a las y los habitantes quienes disfrutar\u00e1n de una ampl\u00eda agenda cultural, tal como lo ha instruido el Gobernador Ricardo Gallardo Cardona.<\/p>\n\n\n\n<p>El s\u00e1bado 12 de abril, a las 19:00 horas, la Plaza de Toros \u201cGuerrita\u201d albergar\u00e1 un Concierto de Ensamble de Bandas Sinf\u00f3nicas, seguido de una callejoneada a las 21:00 horas, donde la emblem\u00e1tica Banda la Consentida acompa\u00f1ar\u00e1 a las y los asistentes en un recorrido musical por el centro hist\u00f3rico de Charcas.<\/p>\n\n\n\n<p>Mientras que el domingo 13, las calles principales de la localidad se vestir\u00e1n de gala con el Desfile de Bandas Sinf\u00f3nicas, evento que cerrar\u00e1 con broche de oro el encuentro nacional, en el que participar\u00e1n: San Pedro Tultepec, Estado de M\u00e9xico; Jalpan de Serra, Quer\u00e9taro; Arentepacua, Michoac\u00e1n; Tlacoachistlahuaca, Guerrero; y San Luis Potos\u00ed, Rioverde, Ciudad Valles, y Charcas de nuestro estado.<\/p>\n\n\n\n<p>El titular de Secult, Mario Garc\u00eda Valdez, detall\u00f3 que el evento contar\u00e1 con la participaci\u00f3n de la Banda de M\u00fasica de Gobierno del Estado, dirigida por el maestro Francisco Villanueva; el secretario invit\u00f3 a consultar la programaci\u00f3n completa en las redes sociales oficiales de Secult.<\/p>\n","protected":false},"excerpt":{"rendered":"<p>La Secretar\u00eda de Cultura (Secult), present\u00f3 el XXII Encuentro Nacional de Bandas Sinf\u00f3nicas Charcas 2025, el 12 y 13 de abril con la participaci\u00f3n del Estado de M\u00e9xico; Quer\u00e9taro; Michoac\u00e1n y Guerrero, as\u00ed como los municipios de Rioverde, Ciudad Valles, y Charcas, lo que brindar\u00e1 m\u00e1s apoyo a las y los habitantes quienes disfrutar\u00e1n de [&hellip;]<\/p>\n","protected":false},"author":1,"featured_media":16790,"comment_status":"open","ping_status":"open","sticky":false,"template":"","format":"standard","meta":{"footnotes":""},"categories":[30,24,3163,3080],"tags":[3773,334,294,3519,261,27],"class_list":{"0":"post-16789","1":"post","2":"type-post","3":"status-publish","4":"format-standard","5":"has-post-thumbnail","7":"category-de-la-region-centro","8":"category-informacion-general","9":"category-san-luis-potosi","10":"category-slp","11":"tag-bandas-sinfonicas","12":"tag-cultura","13":"tag-san-luis","14":"tag-secult","15":"tag-slp","16":"tag-soledad"},"_links":{"self":[{"href":"https:\/\/cronicadesoledad.com\/index.php\/wp-json\/wp\/v2\/posts\/16789","targetHints":{"allow":["GET"]}}],"collection":[{"href":"https:\/\/cronicadesoledad.com\/index.php\/wp-json\/wp\/v2\/posts"}],"about":[{"href":"https:\/\/cronicadesoledad.com\/index.php\/wp-json\/wp\/v2\/types\/post"}],"author":[{"embeddable":true,"href":"https:\/\/cronicadesoledad.com\/index.php\/wp-json\/wp\/v2\/users\/1"}],"replies":[{"embeddable":true,"href":"https:\/\/cronicadesoledad.com\/index.php\/wp-json\/wp\/v2\/comments?post=16789"}],"version-history":[{"count":1,"href":"https:\/\/cronicadesoledad.com\/index.php\/wp-json\/wp\/v2\/posts\/16789\/revisions"}],"predecessor-version":[{"id":16791,"href":"https:\/\/cronicadesoledad.com\/index.php\/wp-json\/wp\/v2\/posts\/16789\/revisions\/16791"}],"wp:featuredmedia":[{"embeddable":true,"href":"https:\/\/cronicadesoledad.com\/index.php\/wp-json\/wp\/v2\/media\/16790"}],"wp:attachment":[{"href":"https:\/\/cronicadesoledad.com\/index.php\/wp-json\/wp\/v2\/media?parent=16789"}],"wp:term":[{"taxonomy":"category","embeddable":true,"href":"https:\/\/cronicadesoledad.com\/index.php\/wp-json\/wp\/v2\/categories?post=16789"},{"taxonomy":"post_tag","embeddable":true,"href":"https:\/\/cronicadesoledad.com\/index.php\/wp-json\/wp\/v2\/tags?post=16789"}],"curies":[{"name":"wp","href":"https:\/\/api.w.org\/{rel}","templated":true}]}}