{"id":16792,"date":"2025-04-02T15:00:00","date_gmt":"2025-04-02T21:00:00","guid":{"rendered":"https:\/\/cronicadesoledad.com\/?p=16792"},"modified":"2025-04-02T13:51:58","modified_gmt":"2025-04-02T19:51:58","slug":"termina-con-exito-diplomado-sobre-literatura-de-terror-en-el-ceart","status":"publish","type":"post","link":"https:\/\/cronicadesoledad.com\/index.php\/2025\/04\/02\/termina-con-exito-diplomado-sobre-literatura-de-terror-en-el-ceart\/","title":{"rendered":"Termina con \u00e9xito diplomado sobre literatura de terror en el CEART"},"content":{"rendered":"\n<p>La Secretar\u00eda de Cultura de Gobierno del Estado felicita a las personas que finalizaron exitosamente el Diplomado de Literatura de Terror, que imparti\u00f3 el Centro de las Artes de San Luis Potos\u00ed en vinculaci\u00f3n con el Instituto Nacional de Bellas Artes y Literatura, mismo que se dio sin ning\u00fan costo para las y los participantes, const\u00f3 de 40 sesiones con personal docente acreditado.<\/p>\n\n\n\n<p>Este programa acad\u00e9mico, que inici\u00f3 el 23 de septiembre de 2024, cerr\u00f3 con la conferencia virtual: &#8220;Literatura Latinoamericana: la visi\u00f3n de los nuevos autores&#8221;, a cargo de Felipe Garrido, un autor de larga trayectoria y tambi\u00e9n conocido en M\u00e9xico por sus an\u00e1lisis literarios y su promoci\u00f3n del libro y la lectura.<\/p>\n\n\n\n<p>El Diplomado abarc\u00f3 un recorrido por las y los autores de las obras cl\u00e1sicas y contempor\u00e1neas, que han definido este g\u00e9nero literario, mediante una revisi\u00f3n desde los inicios de las historias g\u00f3ticas. Todo ello, no sin antes precisar conceptos y delimitar el tema, mediante las conferencias impartidas por Mariana Ozuna: \u201c\u00bfQu\u00e9 es el terror?, un vistazo te\u00f3rico\u201d, y \u201cLos or\u00edgenes del g\u00f3tico\u201d. Luego se fueron abordando obras y autores sobresalientes y representativos de la literatura inglesa, espa\u00f1ola, \u00e1rabe, asi\u00e1tica, latinoam\u00e9ricana y mexicana. Entre estos: Tokaido Yotsuda Kaidan, Edgar Allan Poe, Amparo D\u00e1vila, Mariana Enriquez, Samanta Scheweblin, y otros. Entre la planta docente, cerca de 30 acad\u00e9micos, estuvieron: Alejandra Amatto, Raquel Castro, Antonio Malpica, Erick Rove, Efraim Blanco, Lola Ancira, y Mariana Ozuna.<\/p>\n\n\n\n<p>Este Diplomado brind\u00f3 la oportunidad a todo p\u00fablico (estudiantes, escritores, lectores del g\u00e9nero) de sumergirse en las misteriosas y oscuras profundidades de la narrativa de terror, y as\u00ed enriquecer sus experiencias y conocimientos literarios, pues el programa completo estuvo dise\u00f1ado para ofrecer un an\u00e1lisis profundo y completo de la evoluci\u00f3n del g\u00e9nero.<\/p>\n","protected":false},"excerpt":{"rendered":"<p>La Secretar\u00eda de Cultura de Gobierno del Estado felicita a las personas que finalizaron exitosamente el Diplomado de Literatura de Terror, que imparti\u00f3 el Centro de las Artes de San Luis Potos\u00ed en vinculaci\u00f3n con el Instituto Nacional de Bellas Artes y Literatura, mismo que se dio sin ning\u00fan costo para las y los participantes, [&hellip;]<\/p>\n","protected":false},"author":1,"featured_media":16793,"comment_status":"open","ping_status":"open","sticky":false,"template":"","format":"standard","meta":{"footnotes":""},"categories":[30,24],"tags":[275,3172,334,3522,294,261,27],"class_list":{"0":"post-16792","1":"post","2":"type-post","3":"status-publish","4":"format-standard","5":"has-post-thumbnail","7":"category-de-la-region-centro","8":"category-informacion-general","9":"tag-arte","10":"tag-ceart","11":"tag-cultura","12":"tag-literatura","13":"tag-san-luis","14":"tag-slp","15":"tag-soledad"},"_links":{"self":[{"href":"https:\/\/cronicadesoledad.com\/index.php\/wp-json\/wp\/v2\/posts\/16792","targetHints":{"allow":["GET"]}}],"collection":[{"href":"https:\/\/cronicadesoledad.com\/index.php\/wp-json\/wp\/v2\/posts"}],"about":[{"href":"https:\/\/cronicadesoledad.com\/index.php\/wp-json\/wp\/v2\/types\/post"}],"author":[{"embeddable":true,"href":"https:\/\/cronicadesoledad.com\/index.php\/wp-json\/wp\/v2\/users\/1"}],"replies":[{"embeddable":true,"href":"https:\/\/cronicadesoledad.com\/index.php\/wp-json\/wp\/v2\/comments?post=16792"}],"version-history":[{"count":1,"href":"https:\/\/cronicadesoledad.com\/index.php\/wp-json\/wp\/v2\/posts\/16792\/revisions"}],"predecessor-version":[{"id":16794,"href":"https:\/\/cronicadesoledad.com\/index.php\/wp-json\/wp\/v2\/posts\/16792\/revisions\/16794"}],"wp:featuredmedia":[{"embeddable":true,"href":"https:\/\/cronicadesoledad.com\/index.php\/wp-json\/wp\/v2\/media\/16793"}],"wp:attachment":[{"href":"https:\/\/cronicadesoledad.com\/index.php\/wp-json\/wp\/v2\/media?parent=16792"}],"wp:term":[{"taxonomy":"category","embeddable":true,"href":"https:\/\/cronicadesoledad.com\/index.php\/wp-json\/wp\/v2\/categories?post=16792"},{"taxonomy":"post_tag","embeddable":true,"href":"https:\/\/cronicadesoledad.com\/index.php\/wp-json\/wp\/v2\/tags?post=16792"}],"curies":[{"name":"wp","href":"https:\/\/api.w.org\/{rel}","templated":true}]}}