{"id":16807,"date":"2025-04-02T15:31:31","date_gmt":"2025-04-02T21:31:31","guid":{"rendered":"https:\/\/cronicadesoledad.com\/?p=16807"},"modified":"2025-04-02T15:31:32","modified_gmt":"2025-04-02T21:31:32","slug":"maestros-de-telesecundaria-protestaron-en-slp-por-el-incumplimiento-de-sus-derechos-laborales","status":"publish","type":"post","link":"https:\/\/cronicadesoledad.com\/index.php\/2025\/04\/02\/maestros-de-telesecundaria-protestaron-en-slp-por-el-incumplimiento-de-sus-derechos-laborales\/","title":{"rendered":"Maestros de telesecundaria protestaron en SLP por el incumplimiento de sus derechos laborales"},"content":{"rendered":"\n<p>Este mi\u00e9rcoles por la ma\u00f1ana, un grupo de docentes del subsistema de Telesecundaria dio inicio a una manifestaci\u00f3n en demanda de sus derechos laborales, tal como fue convocado por la Secci\u00f3n 26 del Sindicato Nacional de Trabajadores de la Educaci\u00f3n (SNTE). El contingente se concentr\u00f3 frente a la Escuela Secundaria T\u00e9cnica No. 1 (ETI), ubicada sobre la Av. Mariano Jim\u00e9nez, con el objetivo de exigir el pago de la homologaci\u00f3n de horas, la compensaci\u00f3n por permanencia y el cumplimiento de otras prestaciones que consideran pendientes por parte de las autoridades educativas.<\/p>\n\n\n\n<p>La protesta, que se desarrolla de manera pac\u00edfica, es encabezada por el Secretario General de la Secci\u00f3n 26 del SNTE, Prof. Juan Carlos B\u00e1rcenas Ram\u00edrez, quien manifest\u00f3 la preocupaci\u00f3n de los docentes por la falta de respuesta a sus demandas. Los manifestantes, quienes portan pancartas con consignas claras, insisten en que las autoridades cumplan con los compromisos previamente establecidos, los cuales buscan mejorar las condiciones laborales de los docentes de Telesecundaria.<\/p>\n\n\n\n<p>&#8220;Hoy estamos aqu\u00ed para exigir que se respeten nuestros derechos y que se paguen los compromisos adquiridos con los docentes. Las condiciones laborales deben ser dignas, y exigimos el cumplimiento de los acuerdos&#8221;, expres\u00f3 B\u00e1rcenas Ram\u00edrez ante los medios de comunicaci\u00f3n.<\/p>\n\n\n\n<p>El movimiento busca, adem\u00e1s, llamar la atenci\u00f3n de las instancias correspondientes para que se establezca un di\u00e1logo constructivo que permita dar soluci\u00f3n a las demandas planteadas, con el objetivo de garantizar mejores condiciones para los docentes y, por ende, una mejor calidad educativa.<\/p>\n\n\n\n<p>Hasta el momento, la manifestaci\u00f3n se mantiene en un ambiente tranquilo, con la esperanza de que las autoridades educativas respondan a las peticiones y se logre un acuerdo que beneficie a los trabajadores del subsistema de Telesecundaria.<\/p>\n","protected":false},"excerpt":{"rendered":"<p>Este mi\u00e9rcoles por la ma\u00f1ana, un grupo de docentes del subsistema de Telesecundaria dio inicio a una manifestaci\u00f3n en demanda de sus derechos laborales, tal como fue convocado por la Secci\u00f3n 26 del Sindicato Nacional de Trabajadores de la Educaci\u00f3n (SNTE). El contingente se concentr\u00f3 frente a la Escuela Secundaria T\u00e9cnica No. 1 (ETI), ubicada [&hellip;]<\/p>\n","protected":false},"author":1,"featured_media":16811,"comment_status":"open","ping_status":"open","sticky":false,"template":"","format":"standard","meta":{"footnotes":""},"categories":[1,24,3080],"tags":[2221,1510,261,3176],"class_list":{"0":"post-16807","1":"post","2":"type-post","3":"status-publish","4":"format-standard","5":"has-post-thumbnail","7":"category-destacadas","8":"category-informacion-general","9":"category-slp","10":"tag-maestros","11":"tag-manifestacion","12":"tag-slp","13":"tag-telesecundaria"},"_links":{"self":[{"href":"https:\/\/cronicadesoledad.com\/index.php\/wp-json\/wp\/v2\/posts\/16807","targetHints":{"allow":["GET"]}}],"collection":[{"href":"https:\/\/cronicadesoledad.com\/index.php\/wp-json\/wp\/v2\/posts"}],"about":[{"href":"https:\/\/cronicadesoledad.com\/index.php\/wp-json\/wp\/v2\/types\/post"}],"author":[{"embeddable":true,"href":"https:\/\/cronicadesoledad.com\/index.php\/wp-json\/wp\/v2\/users\/1"}],"replies":[{"embeddable":true,"href":"https:\/\/cronicadesoledad.com\/index.php\/wp-json\/wp\/v2\/comments?post=16807"}],"version-history":[{"count":1,"href":"https:\/\/cronicadesoledad.com\/index.php\/wp-json\/wp\/v2\/posts\/16807\/revisions"}],"predecessor-version":[{"id":16812,"href":"https:\/\/cronicadesoledad.com\/index.php\/wp-json\/wp\/v2\/posts\/16807\/revisions\/16812"}],"wp:featuredmedia":[{"embeddable":true,"href":"https:\/\/cronicadesoledad.com\/index.php\/wp-json\/wp\/v2\/media\/16811"}],"wp:attachment":[{"href":"https:\/\/cronicadesoledad.com\/index.php\/wp-json\/wp\/v2\/media?parent=16807"}],"wp:term":[{"taxonomy":"category","embeddable":true,"href":"https:\/\/cronicadesoledad.com\/index.php\/wp-json\/wp\/v2\/categories?post=16807"},{"taxonomy":"post_tag","embeddable":true,"href":"https:\/\/cronicadesoledad.com\/index.php\/wp-json\/wp\/v2\/tags?post=16807"}],"curies":[{"name":"wp","href":"https:\/\/api.w.org\/{rel}","templated":true}]}}