{"id":16844,"date":"2025-04-03T11:30:00","date_gmt":"2025-04-03T17:30:00","guid":{"rendered":"https:\/\/cronicadesoledad.com\/?p=16844"},"modified":"2025-04-03T10:36:29","modified_gmt":"2025-04-03T16:36:29","slug":"israel-refuerza-ocupacion-en-gaza-y-fracciona-el-enclave","status":"publish","type":"post","link":"https:\/\/cronicadesoledad.com\/index.php\/2025\/04\/03\/israel-refuerza-ocupacion-en-gaza-y-fracciona-el-enclave\/","title":{"rendered":"Israel refuerza ocupaci\u00f3n en Gaza y fracciona el enclave"},"content":{"rendered":"\n<p>Israel ha intensificado su operaci\u00f3n militar en la Franja de Gaza al ocupar nuevas zonas del territorio palestino, incluyendo el llamado \u201ccorredor de Morag\u201d, que divide el sur del enclave. Con esta estrategia, el gobierno israel\u00ed busca presionar a Hamas para la liberaci\u00f3n de los 59 rehenes que a\u00fan mantiene en su poder.<\/p>\n\n\n\n<p>El primer ministro israel\u00ed, Benjam\u00edn Netanyahu, confirm\u00f3 la toma del corredor y asegur\u00f3 que su pa\u00eds continuar\u00e1 aumentando la presi\u00f3n hasta conseguir la entrega de los secuestrados. Netanyahu compar\u00f3 la ocupaci\u00f3n de Morag con la zona de Filadelfia, en la frontera entre Gaza y Egipto, donde las fuerzas israel\u00edes ya han establecido una presencia militar sostenida.<\/p>\n\n\n\n<p>El ministro de Defensa, Israel Katz, tambi\u00e9n anunci\u00f3 que las zonas de combate ser\u00edan evacuadas y anexadas a lo que Israel denomina \u201czonas de seguridad\u201d. Sin embargo, el comunicado no aclar\u00f3 si la ocupaci\u00f3n ser\u00e1 permanente ni cu\u00e1nto territorio se ver\u00e1 afectado. De acuerdo con la organizaci\u00f3n israel\u00ed de derechos humanos Gisha, Israel ya controla aproximadamente el 17% de la superficie total de Gaza.<\/p>\n\n\n\n<p>El Ej\u00e9rcito israel\u00ed ha instado a los gazat\u00edes a trasladarse a la zona costera de Al-Mawasi, designada como \u00e1rea humanitaria, mientras avanza su presencia en ciudades como Rafah y Jan Yunis. Al mismo tiempo, l\u00edderes israel\u00edes han respaldado la posibilidad de una salida voluntaria de palestinos del enclave, siguiendo declaraciones del expresidente estadounidense Donald Trump, quien sugiri\u00f3 la reubicaci\u00f3n de la poblaci\u00f3n y la transformaci\u00f3n de Gaza en un centro tur\u00edstico.<\/p>\n\n\n\n<p>Por su parte, Hamas ha insistido en que los rehenes solo ser\u00e1n liberados mediante negociaciones y no a trav\u00e9s de la presi\u00f3n militar. En medio de las crecientes tensiones, la ocupaci\u00f3n israel\u00ed sigue modificando la geograf\u00eda y el equilibrio de poder en el enclave, mientras la poblaci\u00f3n gazat\u00ed enfrenta desplazamientos y un agravamiento de la crisis humanitaria.<\/p>\n","protected":false},"excerpt":{"rendered":"<p>Israel ha intensificado su operaci\u00f3n militar en la Franja de Gaza al ocupar nuevas zonas del territorio palestino, incluyendo el llamado \u201ccorredor de Morag\u201d, que divide el sur del enclave. Con esta estrategia, el gobierno israel\u00ed busca presionar a Hamas para la liberaci\u00f3n de los 59 rehenes que a\u00fan mantiene en su poder. El primer [&hellip;]<\/p>\n","protected":false},"author":1,"featured_media":16845,"comment_status":"open","ping_status":"open","sticky":false,"template":"","format":"standard","meta":{"footnotes":""},"categories":[30,24],"tags":[1108,288,343,294,261,27],"class_list":{"0":"post-16844","1":"post","2":"type-post","3":"status-publish","4":"format-standard","5":"has-post-thumbnail","7":"category-de-la-region-centro","8":"category-informacion-general","9":"tag-gaza","10":"tag-internacional","11":"tag-israel","12":"tag-san-luis","13":"tag-slp","14":"tag-soledad"},"_links":{"self":[{"href":"https:\/\/cronicadesoledad.com\/index.php\/wp-json\/wp\/v2\/posts\/16844","targetHints":{"allow":["GET"]}}],"collection":[{"href":"https:\/\/cronicadesoledad.com\/index.php\/wp-json\/wp\/v2\/posts"}],"about":[{"href":"https:\/\/cronicadesoledad.com\/index.php\/wp-json\/wp\/v2\/types\/post"}],"author":[{"embeddable":true,"href":"https:\/\/cronicadesoledad.com\/index.php\/wp-json\/wp\/v2\/users\/1"}],"replies":[{"embeddable":true,"href":"https:\/\/cronicadesoledad.com\/index.php\/wp-json\/wp\/v2\/comments?post=16844"}],"version-history":[{"count":1,"href":"https:\/\/cronicadesoledad.com\/index.php\/wp-json\/wp\/v2\/posts\/16844\/revisions"}],"predecessor-version":[{"id":16846,"href":"https:\/\/cronicadesoledad.com\/index.php\/wp-json\/wp\/v2\/posts\/16844\/revisions\/16846"}],"wp:featuredmedia":[{"embeddable":true,"href":"https:\/\/cronicadesoledad.com\/index.php\/wp-json\/wp\/v2\/media\/16845"}],"wp:attachment":[{"href":"https:\/\/cronicadesoledad.com\/index.php\/wp-json\/wp\/v2\/media?parent=16844"}],"wp:term":[{"taxonomy":"category","embeddable":true,"href":"https:\/\/cronicadesoledad.com\/index.php\/wp-json\/wp\/v2\/categories?post=16844"},{"taxonomy":"post_tag","embeddable":true,"href":"https:\/\/cronicadesoledad.com\/index.php\/wp-json\/wp\/v2\/tags?post=16844"}],"curies":[{"name":"wp","href":"https:\/\/api.w.org\/{rel}","templated":true}]}}