{"id":16863,"date":"2025-04-03T13:36:00","date_gmt":"2025-04-03T19:36:00","guid":{"rendered":"https:\/\/cronicadesoledad.com\/?p=16863"},"modified":"2025-04-03T22:04:26","modified_gmt":"2025-04-04T04:04:26","slug":"combaten-incendio-en-empresa-maderera-de-circuito-potosi","status":"publish","type":"post","link":"https:\/\/cronicadesoledad.com\/index.php\/2025\/04\/03\/combaten-incendio-en-empresa-maderera-de-circuito-potosi\/","title":{"rendered":"Combaten incendio en empresa maderera de Circuito Potos\u00ed"},"content":{"rendered":"\n<p>La Coordinaci\u00f3n Municipal de Protecci\u00f3n Civil de Soledad de Graciano S\u00e1nchez, en conjunto con el Cuerpo de Bomberos, trabaja en la extinci\u00f3n de un incendio que afect\u00f3 a una empresa maderera ubicada en el Circuito Potos\u00ed, a la altura de la carretera a Matehuala.<\/p>\n\n\n\n<p>El siniestro fue reportado durante la madrugada, lo que activ\u00f3 de inmediato a las autoridades municipales. El personal de Protecci\u00f3n Civil se traslad\u00f3 al lugar para iniciar las labores de combate al fuego, en colaboraci\u00f3n con los bomberos voluntarios. Para facilitar las tareas de extinci\u00f3n y garantizar la seguridad de los transe\u00fantes, la Direcci\u00f3n de Seguridad Vial implement\u00f3 el cierre temporal de la circulaci\u00f3n vehicular en la zona.<\/p>\n\n\n\n<p>Hasta el momento, los trabajos contin\u00faan en el sitio del incendio, sin que se reporten v\u00edctimas. La zona afectada presenta \u00fanicamente da\u00f1os materiales, y se ha restablecido el servicio de energ\u00eda el\u00e9ctrica en el \u00e1rea. Las autoridades hacen un llamado a los automovilistas para que sigan las indicaciones del personal de Seguridad Vial y colaboren con las labores de los cuerpos de emergencia.<\/p>\n\n\n\n<p>La pronta intervenci\u00f3n de las autoridades locales ha permitido un control parcial de la situaci\u00f3n, aunque los esfuerzos para sofocar el fuego siguen en curso.<\/p>\n","protected":false},"excerpt":{"rendered":"<p>La Coordinaci\u00f3n Municipal de Protecci\u00f3n Civil de Soledad de Graciano S\u00e1nchez, en conjunto con el Cuerpo de Bomberos, trabaja en la extinci\u00f3n de un incendio que afect\u00f3 a una empresa maderera ubicada en el Circuito Potos\u00ed, a la altura de la carretera a Matehuala. El siniestro fue reportado durante la madrugada, lo que activ\u00f3 de [&hellip;]<\/p>\n","protected":false},"author":1,"featured_media":16870,"comment_status":"open","ping_status":"open","sticky":false,"template":"","format":"standard","meta":{"footnotes":""},"categories":[1,24,3163,21],"tags":[2960,261,27],"class_list":{"0":"post-16863","1":"post","2":"type-post","3":"status-publish","4":"format-standard","5":"has-post-thumbnail","7":"category-destacadas","8":"category-informacion-general","9":"category-san-luis-potosi","10":"category-tu-soledad","11":"tag-circuito-potosi","12":"tag-slp","13":"tag-soledad"},"_links":{"self":[{"href":"https:\/\/cronicadesoledad.com\/index.php\/wp-json\/wp\/v2\/posts\/16863","targetHints":{"allow":["GET"]}}],"collection":[{"href":"https:\/\/cronicadesoledad.com\/index.php\/wp-json\/wp\/v2\/posts"}],"about":[{"href":"https:\/\/cronicadesoledad.com\/index.php\/wp-json\/wp\/v2\/types\/post"}],"author":[{"embeddable":true,"href":"https:\/\/cronicadesoledad.com\/index.php\/wp-json\/wp\/v2\/users\/1"}],"replies":[{"embeddable":true,"href":"https:\/\/cronicadesoledad.com\/index.php\/wp-json\/wp\/v2\/comments?post=16863"}],"version-history":[{"count":1,"href":"https:\/\/cronicadesoledad.com\/index.php\/wp-json\/wp\/v2\/posts\/16863\/revisions"}],"predecessor-version":[{"id":16872,"href":"https:\/\/cronicadesoledad.com\/index.php\/wp-json\/wp\/v2\/posts\/16863\/revisions\/16872"}],"wp:featuredmedia":[{"embeddable":true,"href":"https:\/\/cronicadesoledad.com\/index.php\/wp-json\/wp\/v2\/media\/16870"}],"wp:attachment":[{"href":"https:\/\/cronicadesoledad.com\/index.php\/wp-json\/wp\/v2\/media?parent=16863"}],"wp:term":[{"taxonomy":"category","embeddable":true,"href":"https:\/\/cronicadesoledad.com\/index.php\/wp-json\/wp\/v2\/categories?post=16863"},{"taxonomy":"post_tag","embeddable":true,"href":"https:\/\/cronicadesoledad.com\/index.php\/wp-json\/wp\/v2\/tags?post=16863"}],"curies":[{"name":"wp","href":"https:\/\/api.w.org\/{rel}","templated":true}]}}