{"id":16877,"date":"2025-04-07T03:07:00","date_gmt":"2025-04-07T09:07:00","guid":{"rendered":"https:\/\/cronicadesoledad.com\/?p=16877"},"modified":"2025-04-07T01:17:47","modified_gmt":"2025-04-07T07:17:47","slug":"rehabilitan-la-calle-los-angeles-en-villa-de-pozos-tras-22-anos-de-abandono","status":"publish","type":"post","link":"https:\/\/cronicadesoledad.com\/index.php\/2025\/04\/07\/rehabilitan-la-calle-los-angeles-en-villa-de-pozos-tras-22-anos-de-abandono\/","title":{"rendered":"Rehabilitan la calle Los \u00c1ngeles tras 22 a\u00f1os de abandono"},"content":{"rendered":"\n<p>Luego de m\u00e1s de dos d\u00e9cadas de abandono, el Gobierno Municipal de Villa de Pozos ha iniciado la rehabilitaci\u00f3n de la calle Los \u00c1ngeles, en el tramo comprendido entre la calle San Pedro y la Avenida Ricardo Basilio Anaya. Esta obra responde a una de las principales demandas de los habitantes de la colonia El Palmar, quienes por a\u00f1os han enfrentado problemas de movilidad y afectaciones en su salud debido al polvo y la falta de pavimentaci\u00f3n.<\/p>\n\n\n\n<p>Mar\u00eda Elena Cervantes, vecina de la calle Los \u00c1ngeles, afirm\u00f3 que la rehabilitaci\u00f3n de esta v\u00eda est\u00e1 destinada a mejorar la calidad de vida de los poce\u00f1os, quienes han tenido que vivir con el deterioro y abandono de sus calles, pues durante a\u00f1os, los vecinos de la zona han lidiado con la falta de pavimentaci\u00f3n, lo que generaba polvo y tierra que afectan la salud, sobre todo de los ni\u00f1os y ni\u00f1as y dificultan las actividades cotidianas.<\/p>\n\n\n\n<p>Durante a\u00f1os, las malas condiciones de la vialidad han sido una constante preocupaci\u00f3n para los vecinos, especialmente para familias con ni\u00f1os, quienes han sufrido problemas respiratorios debido al polvo generado por la falta de pavimentaci\u00f3n.<\/p>\n\n\n\n<p>\u201cDoy gracias por este proyecto que se lleva a cabo gracias a la Presidenta de Pozos, estamos contentos porque ya ten\u00edamos 22 a\u00f1os esperando, esto es un sue\u00f1o gracias a Tere\u201d, declar\u00f3.<\/p>\n","protected":false},"excerpt":{"rendered":"<p>Luego de m\u00e1s de dos d\u00e9cadas de abandono, el Gobierno Municipal de Villa de Pozos ha iniciado la rehabilitaci\u00f3n de la calle Los \u00c1ngeles, en el tramo comprendido entre la calle San Pedro y la Avenida Ricardo Basilio Anaya. Esta obra responde a una de las principales demandas de los habitantes de la colonia El [&hellip;]<\/p>\n","protected":false},"author":1,"featured_media":16878,"comment_status":"open","ping_status":"open","sticky":false,"template":"","format":"standard","meta":{"footnotes":""},"categories":[30,1,24,3175],"tags":[3788,294,261,958,1068],"class_list":{"0":"post-16877","1":"post","2":"type-post","3":"status-publish","4":"format-standard","5":"has-post-thumbnail","7":"category-de-la-region-centro","8":"category-destacadas","9":"category-informacion-general","10":"category-pozos","11":"tag-calle-los-angeles","12":"tag-san-luis","13":"tag-slp","14":"tag-vialidad","15":"tag-villa-de-pozos"},"_links":{"self":[{"href":"https:\/\/cronicadesoledad.com\/index.php\/wp-json\/wp\/v2\/posts\/16877","targetHints":{"allow":["GET"]}}],"collection":[{"href":"https:\/\/cronicadesoledad.com\/index.php\/wp-json\/wp\/v2\/posts"}],"about":[{"href":"https:\/\/cronicadesoledad.com\/index.php\/wp-json\/wp\/v2\/types\/post"}],"author":[{"embeddable":true,"href":"https:\/\/cronicadesoledad.com\/index.php\/wp-json\/wp\/v2\/users\/1"}],"replies":[{"embeddable":true,"href":"https:\/\/cronicadesoledad.com\/index.php\/wp-json\/wp\/v2\/comments?post=16877"}],"version-history":[{"count":2,"href":"https:\/\/cronicadesoledad.com\/index.php\/wp-json\/wp\/v2\/posts\/16877\/revisions"}],"predecessor-version":[{"id":17082,"href":"https:\/\/cronicadesoledad.com\/index.php\/wp-json\/wp\/v2\/posts\/16877\/revisions\/17082"}],"wp:featuredmedia":[{"embeddable":true,"href":"https:\/\/cronicadesoledad.com\/index.php\/wp-json\/wp\/v2\/media\/16878"}],"wp:attachment":[{"href":"https:\/\/cronicadesoledad.com\/index.php\/wp-json\/wp\/v2\/media?parent=16877"}],"wp:term":[{"taxonomy":"category","embeddable":true,"href":"https:\/\/cronicadesoledad.com\/index.php\/wp-json\/wp\/v2\/categories?post=16877"},{"taxonomy":"post_tag","embeddable":true,"href":"https:\/\/cronicadesoledad.com\/index.php\/wp-json\/wp\/v2\/tags?post=16877"}],"curies":[{"name":"wp","href":"https:\/\/api.w.org\/{rel}","templated":true}]}}