{"id":16884,"date":"2025-04-03T15:30:00","date_gmt":"2025-04-03T21:30:00","guid":{"rendered":"https:\/\/cronicadesoledad.com\/?p=16884"},"modified":"2025-04-03T14:33:09","modified_gmt":"2025-04-03T20:33:09","slug":"maestros-de-telesecundaria-paran-labores-y-exigen-solucion","status":"publish","type":"post","link":"https:\/\/cronicadesoledad.com\/index.php\/2025\/04\/03\/maestros-de-telesecundaria-paran-labores-y-exigen-solucion\/","title":{"rendered":"Maestros de telesecundaria paran labores y exigen soluci\u00f3n"},"content":{"rendered":"\n<p>Desde el jueves 3 de abril, docentes de telesecundaria en San Luis Potos\u00ed iniciaron un paro de labores por tiempo indefinido ante la falta de respuesta a su exigencia de homologaci\u00f3n salarial. Dejaron las aulas vac\u00edas y se trasladaron a las afueras de Palacio de Gobierno para continuar con sus protestas y retomar el di\u00e1logo con las autoridades educativas.<\/p>\n\n\n\n<p>M\u00e1s de 250 docentes se congregaron en el lugar, respaldados por el Comit\u00e9 Ejecutivo Nacional del Sindicato Nacional de Trabajadores de la Educaci\u00f3n (SNTE), bajo la representaci\u00f3n de Manuel Arellano M\u00e9ndez y el l\u00edder de la Secci\u00f3n 26, Juan Carlos B\u00e1rcenas. La principal exigencia del gremio es la homologaci\u00f3n de salarios con otros niveles educativos, aunque la negociaci\u00f3n enfrenta trabas legales.<\/p>\n\n\n\n<p>Uno de los principales obst\u00e1culos es la situaci\u00f3n de los docentes que han interpuesto demandas previas y recibido sentencias desfavorables, ya que, seg\u00fan las autoridades, no ser\u00edan considerados para la homologaci\u00f3n. No obstante, el sindicato ha dejado clara su postura: \u201cNo aceptaremos ninguna propuesta que excluya a alg\u00fan compa\u00f1ero. El beneficio debe ser para todos\u201d.<\/p>\n\n\n\n<p>Adem\u00e1s de la homologaci\u00f3n, los docentes demandan la asignaci\u00f3n de plazas para quienes obtuvieron los mejores resultados en evaluaciones, la contrataci\u00f3n inmediata de maestros para grupos sin docentes, mejoras en seguros de vida e invalidez, el pago de adeudos en fondos de vivienda y retiro, y que no haya descuentos salariales por participar en manifestaciones.<\/p>\n\n\n\n<p>Por su parte, la Secretar\u00eda de Educaci\u00f3n de Gobierno del Estado (SEGE) reiter\u00f3 su disposici\u00f3n al di\u00e1logo y asegur\u00f3 que contin\u00faa gestionando la homologaci\u00f3n salarial ante el Gobierno Federal. El secretario de Educaci\u00f3n, Juan Carlos Torres Cedillo, afirm\u00f3 que la administraci\u00f3n estatal busca garantizar tanto los derechos laborales de los docentes como el acceso a la educaci\u00f3n para los estudiantes, sin comprometer la estabilidad social del estado.<\/p>\n","protected":false},"excerpt":{"rendered":"<p>Desde el jueves 3 de abril, docentes de telesecundaria en San Luis Potos\u00ed iniciaron un paro de labores por tiempo indefinido ante la falta de respuesta a su exigencia de homologaci\u00f3n salarial. Dejaron las aulas vac\u00edas y se trasladaron a las afueras de Palacio de Gobierno para continuar con sus protestas y retomar el di\u00e1logo [&hellip;]<\/p>\n","protected":false},"author":1,"featured_media":16885,"comment_status":"open","ping_status":"open","sticky":false,"template":"","format":"standard","meta":{"footnotes":""},"categories":[30,24,3163,3080],"tags":[2221,3789,294,261,3760,27],"class_list":{"0":"post-16884","1":"post","2":"type-post","3":"status-publish","4":"format-standard","5":"has-post-thumbnail","7":"category-de-la-region-centro","8":"category-informacion-general","9":"category-san-luis-potosi","10":"category-slp","11":"tag-maestros","12":"tag-paro","13":"tag-san-luis","14":"tag-slp","15":"tag-snte","16":"tag-soledad"},"_links":{"self":[{"href":"https:\/\/cronicadesoledad.com\/index.php\/wp-json\/wp\/v2\/posts\/16884","targetHints":{"allow":["GET"]}}],"collection":[{"href":"https:\/\/cronicadesoledad.com\/index.php\/wp-json\/wp\/v2\/posts"}],"about":[{"href":"https:\/\/cronicadesoledad.com\/index.php\/wp-json\/wp\/v2\/types\/post"}],"author":[{"embeddable":true,"href":"https:\/\/cronicadesoledad.com\/index.php\/wp-json\/wp\/v2\/users\/1"}],"replies":[{"embeddable":true,"href":"https:\/\/cronicadesoledad.com\/index.php\/wp-json\/wp\/v2\/comments?post=16884"}],"version-history":[{"count":1,"href":"https:\/\/cronicadesoledad.com\/index.php\/wp-json\/wp\/v2\/posts\/16884\/revisions"}],"predecessor-version":[{"id":16886,"href":"https:\/\/cronicadesoledad.com\/index.php\/wp-json\/wp\/v2\/posts\/16884\/revisions\/16886"}],"wp:featuredmedia":[{"embeddable":true,"href":"https:\/\/cronicadesoledad.com\/index.php\/wp-json\/wp\/v2\/media\/16885"}],"wp:attachment":[{"href":"https:\/\/cronicadesoledad.com\/index.php\/wp-json\/wp\/v2\/media?parent=16884"}],"wp:term":[{"taxonomy":"category","embeddable":true,"href":"https:\/\/cronicadesoledad.com\/index.php\/wp-json\/wp\/v2\/categories?post=16884"},{"taxonomy":"post_tag","embeddable":true,"href":"https:\/\/cronicadesoledad.com\/index.php\/wp-json\/wp\/v2\/tags?post=16884"}],"curies":[{"name":"wp","href":"https:\/\/api.w.org\/{rel}","templated":true}]}}