{"id":16888,"date":"2025-04-03T15:25:15","date_gmt":"2025-04-03T21:25:15","guid":{"rendered":"https:\/\/cronicadesoledad.com\/?p=16888"},"modified":"2025-04-03T22:04:37","modified_gmt":"2025-04-04T04:04:37","slug":"proteccion-civil-de-soledad-intensifica-monitoreo-ante-pronostico-de-fuertes-vientos","status":"publish","type":"post","link":"https:\/\/cronicadesoledad.com\/index.php\/2025\/04\/03\/proteccion-civil-de-soledad-intensifica-monitoreo-ante-pronostico-de-fuertes-vientos\/","title":{"rendered":"Protecci\u00f3n Civil de Soledad intensifica monitoreo ante pron\u00f3stico de fuertes vientos"},"content":{"rendered":"\n<p>La Coordinaci\u00f3n Municipal de Protecci\u00f3n Civil est\u00e1 realizando un operativo de vigilancia en los espectaculares del municipio para prevenir incidentes debido a los fuertes vientos pronosticados.<\/p>\n\n\n\n<p>Ante el pron\u00f3stico de fuertes vientos que se esperan en las pr\u00f3ximas horas, la Coordinaci\u00f3n Municipal de Protecci\u00f3n Civil de Soledad de Graciano S\u00e1nchez se mantiene alerta y ha activado un plan de monitoreo para inspeccionar los espectaculares ubicados en diversas zonas del municipio. Esta acci\u00f3n busca evitar incidentes y garantizar la seguridad de los ciudadanos.<\/p>\n\n\n\n<p>Mart\u00edn Bravo Galicia, titular de la Coordinaci\u00f3n, se\u00f1al\u00f3 que estas medidas est\u00e1n alineadas con la preocupaci\u00f3n del alcalde Juan Manuel Navarro Mu\u00f1iz por proteger tanto a peatones como a conductores. &#8220;Es una prioridad evitar cualquier accidente que pudiera derivarse de la ca\u00edda de estructuras publicitarias, y nuestra dependencia tiene la capacidad de actuar de manera inmediata en caso de cualquier eventualidad&#8221;, expres\u00f3.<\/p>\n\n\n\n<p>Hasta el momento, durante los recorridos de inspecci\u00f3n, se han identificado dos puntos de riesgo: uno en la cabecera municipal, debido a la falta de mantenimiento de un espectacular, y otro en la calle Rivas Guill\u00e9n. Ambos casos ya han sido notificados y se est\u00e1n tomando las acciones correspondientes para mitigar cualquier peligro.<\/p>\n\n\n\n<p>Bravo Galicia record\u00f3 la importancia de que los propietarios de estas estructuras cumplan con las regulaciones municipales, que incluyen mantener un mantenimiento adecuado y registrar los trabajos realizados en una bit\u00e1cora, as\u00ed como contar con un seguro que cubra da\u00f1os a terceros. &#8220;En caso de que ocurra alg\u00fan incidente relacionado con un espectacular, es fundamental que estos cuenten con su refrendo y seguro actualizado, adem\u00e1s de presentar al menos dos bit\u00e1coras de mantenimiento al a\u00f1o&#8221;, destac\u00f3 el funcionario.<\/p>\n\n\n\n<p>Finalmente, la Coordinaci\u00f3n Municipal de Protecci\u00f3n Civil reiter\u00f3 su compromiso de seguir monitoreando la situaci\u00f3n y realiz\u00f3 un llamado a la ciudadan\u00eda para que mantenga una actitud preventiva y reporte cualquier anomal\u00eda que pudiera poner en riesgo la seguridad p\u00fablica.<\/p>\n","protected":false},"excerpt":{"rendered":"<p>La Coordinaci\u00f3n Municipal de Protecci\u00f3n Civil est\u00e1 realizando un operativo de vigilancia en los espectaculares del municipio para prevenir incidentes debido a los fuertes vientos pronosticados. Ante el pron\u00f3stico de fuertes vientos que se esperan en las pr\u00f3ximas horas, la Coordinaci\u00f3n Municipal de Protecci\u00f3n Civil de Soledad de Graciano S\u00e1nchez se mantiene alerta y ha [&hellip;]<\/p>\n","protected":false},"author":1,"featured_media":16893,"comment_status":"open","ping_status":"open","sticky":false,"template":"","format":"standard","meta":{"footnotes":""},"categories":[1,24,21],"tags":[3791,525,27],"class_list":{"0":"post-16888","1":"post","2":"type-post","3":"status-publish","4":"format-standard","5":"has-post-thumbnail","7":"category-destacadas","8":"category-informacion-general","9":"category-tu-soledad","10":"tag-plan-de-monitoreo","11":"tag-proteccion-civil","12":"tag-soledad"},"_links":{"self":[{"href":"https:\/\/cronicadesoledad.com\/index.php\/wp-json\/wp\/v2\/posts\/16888","targetHints":{"allow":["GET"]}}],"collection":[{"href":"https:\/\/cronicadesoledad.com\/index.php\/wp-json\/wp\/v2\/posts"}],"about":[{"href":"https:\/\/cronicadesoledad.com\/index.php\/wp-json\/wp\/v2\/types\/post"}],"author":[{"embeddable":true,"href":"https:\/\/cronicadesoledad.com\/index.php\/wp-json\/wp\/v2\/users\/1"}],"replies":[{"embeddable":true,"href":"https:\/\/cronicadesoledad.com\/index.php\/wp-json\/wp\/v2\/comments?post=16888"}],"version-history":[{"count":1,"href":"https:\/\/cronicadesoledad.com\/index.php\/wp-json\/wp\/v2\/posts\/16888\/revisions"}],"predecessor-version":[{"id":16894,"href":"https:\/\/cronicadesoledad.com\/index.php\/wp-json\/wp\/v2\/posts\/16888\/revisions\/16894"}],"wp:featuredmedia":[{"embeddable":true,"href":"https:\/\/cronicadesoledad.com\/index.php\/wp-json\/wp\/v2\/media\/16893"}],"wp:attachment":[{"href":"https:\/\/cronicadesoledad.com\/index.php\/wp-json\/wp\/v2\/media?parent=16888"}],"wp:term":[{"taxonomy":"category","embeddable":true,"href":"https:\/\/cronicadesoledad.com\/index.php\/wp-json\/wp\/v2\/categories?post=16888"},{"taxonomy":"post_tag","embeddable":true,"href":"https:\/\/cronicadesoledad.com\/index.php\/wp-json\/wp\/v2\/tags?post=16888"}],"curies":[{"name":"wp","href":"https:\/\/api.w.org\/{rel}","templated":true}]}}