{"id":16970,"date":"2025-04-05T11:41:04","date_gmt":"2025-04-05T17:41:04","guid":{"rendered":"https:\/\/cronicadesoledad.com\/?p=16970"},"modified":"2025-04-05T11:42:56","modified_gmt":"2025-04-05T17:42:56","slug":"reforma-sobre-desapariciones-se-frena-en-el-senado","status":"publish","type":"post","link":"https:\/\/cronicadesoledad.com\/index.php\/2025\/04\/05\/reforma-sobre-desapariciones-se-frena-en-el-senado\/","title":{"rendered":"Reforma sobre desapariciones se frena en el Senado"},"content":{"rendered":"\n<p>El Senado podr\u00eda posponer la aprobaci\u00f3n de la reforma sobre desapariciones propuesta por Claudia Sheinbaum, debido a la presi\u00f3n de colectivos de b\u00fasqueda y al contexto cr\u00edtico que vive el pa\u00eds tras nuevos hallazgos de fosas clandestinas.<\/p>\n\n\n\n<p>La presidenta de la Comisi\u00f3n de Gobernaci\u00f3n, Lilia Margarita Valdez, inform\u00f3 que aunque el dictamen ya est\u00e1 preparado, se est\u00e1 considerando postergar su discusi\u00f3n para incluir las propuestas de madres buscadoras y organizaciones. &#8220;La intenci\u00f3n es tener una ley lo mejor hecha posible.\u00a0Escuchar a quienes han vivido esta tragedia es fundamental&#8221;, declar\u00f3 la senadora de Morena.<\/p>\n\n\n\n<p>Inicialmente, el dictamen se votar\u00eda esta misma semana, pero la posibilidad de abrir el proceso a m\u00e1s consultas ha retrasado el calendario legislativo. Valdez aclar\u00f3 que el Senado contin\u00faa recibiendo propuestas de familiares de personas desaparecidas, por lo que a\u00fan no se define una nueva fecha para la votaci\u00f3n.<\/p>\n\n\n\n<p>Mientras tanto, la presidenta Sheinbaum anunci\u00f3 que la secretaria de Gobernaci\u00f3n, Rosa Icela Rodr\u00edguez, sostendr\u00e1 reuniones con colectivos de b\u00fasqueda, en respuesta al hallazgo de restos humanos en el rancho Izaguirre, en Teuchitl\u00e1n, Jalisco. Este suceso reaviv\u00f3 el debate nacional sobre la crisis forense y de desapariciones en M\u00e9xico.<\/p>\n\n\n\n<p>A pesar del llamado al di\u00e1logo, Valdez afirm\u00f3 que hasta el momento no ha tenido contacto directo con la Secretar\u00eda de Gobernaci\u00f3n.<\/p>\n","protected":false},"excerpt":{"rendered":"<p>El Senado podr\u00eda posponer la aprobaci\u00f3n de la reforma sobre desapariciones propuesta por Claudia Sheinbaum, debido a la presi\u00f3n de colectivos de b\u00fasqueda y al contexto cr\u00edtico que vive el pa\u00eds tras nuevos hallazgos de fosas clandestinas. La presidenta de la Comisi\u00f3n de Gobernaci\u00f3n, Lilia Margarita Valdez, inform\u00f3 que aunque el dictamen ya est\u00e1 preparado, [&hellip;]<\/p>\n","protected":false},"author":1,"featured_media":16971,"comment_status":"open","ping_status":"open","sticky":false,"template":"","format":"standard","meta":{"footnotes":""},"categories":[30,24],"tags":[3542,287,3488,294,922,261,27],"class_list":{"0":"post-16970","1":"post","2":"type-post","3":"status-publish","4":"format-standard","5":"has-post-thumbnail","7":"category-de-la-region-centro","8":"category-informacion-general","9":"tag-desapariciones","10":"tag-nacional","11":"tag-reforma","12":"tag-san-luis","13":"tag-senado","14":"tag-slp","15":"tag-soledad"},"_links":{"self":[{"href":"https:\/\/cronicadesoledad.com\/index.php\/wp-json\/wp\/v2\/posts\/16970","targetHints":{"allow":["GET"]}}],"collection":[{"href":"https:\/\/cronicadesoledad.com\/index.php\/wp-json\/wp\/v2\/posts"}],"about":[{"href":"https:\/\/cronicadesoledad.com\/index.php\/wp-json\/wp\/v2\/types\/post"}],"author":[{"embeddable":true,"href":"https:\/\/cronicadesoledad.com\/index.php\/wp-json\/wp\/v2\/users\/1"}],"replies":[{"embeddable":true,"href":"https:\/\/cronicadesoledad.com\/index.php\/wp-json\/wp\/v2\/comments?post=16970"}],"version-history":[{"count":2,"href":"https:\/\/cronicadesoledad.com\/index.php\/wp-json\/wp\/v2\/posts\/16970\/revisions"}],"predecessor-version":[{"id":16973,"href":"https:\/\/cronicadesoledad.com\/index.php\/wp-json\/wp\/v2\/posts\/16970\/revisions\/16973"}],"wp:featuredmedia":[{"embeddable":true,"href":"https:\/\/cronicadesoledad.com\/index.php\/wp-json\/wp\/v2\/media\/16971"}],"wp:attachment":[{"href":"https:\/\/cronicadesoledad.com\/index.php\/wp-json\/wp\/v2\/media?parent=16970"}],"wp:term":[{"taxonomy":"category","embeddable":true,"href":"https:\/\/cronicadesoledad.com\/index.php\/wp-json\/wp\/v2\/categories?post=16970"},{"taxonomy":"post_tag","embeddable":true,"href":"https:\/\/cronicadesoledad.com\/index.php\/wp-json\/wp\/v2\/tags?post=16970"}],"curies":[{"name":"wp","href":"https:\/\/api.w.org\/{rel}","templated":true}]}}