{"id":16974,"date":"2025-04-05T13:00:00","date_gmt":"2025-04-05T19:00:00","guid":{"rendered":"https:\/\/cronicadesoledad.com\/?p=16974"},"modified":"2025-04-05T12:03:17","modified_gmt":"2025-04-05T18:03:17","slug":"netanyahu-busca-frenar-aranceles-de-trump-en-plena-crisis-con-gaza","status":"publish","type":"post","link":"https:\/\/cronicadesoledad.com\/index.php\/2025\/04\/05\/netanyahu-busca-frenar-aranceles-de-trump-en-plena-crisis-con-gaza\/","title":{"rendered":"Netanyahu busca frenar aranceles de Trump en plena crisis con Gaza"},"content":{"rendered":"\n<p>La reciente imposici\u00f3n de aranceles por parte del presidente Donald Trump ha tensado la relaci\u00f3n entre Estados Unidos e Israel. En respuesta, el primer ministro israel\u00ed, Benjam\u00edn Netanyahu, sostuvo una llamada telef\u00f3nica con el secretario de Estado, Marco Rubio, para discutir el impacto del nuevo gravamen del 17 por ciento a las exportaciones israel\u00edes.<\/p>\n\n\n\n<p>Aunque Israel es uno de los principales aliados estrat\u00e9gicos de Washington, qued\u00f3 incluido en el paquete global de aranceles anunciado por Trump, que establece un m\u00ednimo del 10 por ciento para la mayor\u00eda de los pa\u00edses, y aumentos espec\u00edficos a socios cercanos, como la Uni\u00f3n Europea (20%) e Israel (17%).<\/p>\n\n\n\n<p>Seg\u00fan el Departamento de Estado, durante la conversaci\u00f3n, Rubio reiter\u00f3 el respaldo de Estados Unidos a Israel y abord\u00f3 temas relacionados con la ofensiva militar en Gaza, as\u00ed como los esfuerzos por liberar a rehenes retenidos en el enclave palestino. No obstante, la preocupaci\u00f3n principal fue el posible da\u00f1o econ\u00f3mico que podr\u00edan provocar las nuevas medidas comerciales.<\/p>\n\n\n\n<p>El ministro de Finanzas israel\u00ed, Bezalel Smotrich, ha manifestado la intenci\u00f3n de mantener el di\u00e1logo abierto con la administraci\u00f3n estadounidense en busca de atenuar las consecuencias de la medida.<\/p>\n\n\n\n<p>Mientras tanto, la situaci\u00f3n en Gaza contin\u00faa deterior\u00e1ndose. Tras la ruptura del alto al fuego, la ofensiva israel\u00ed se ha intensificado, con m\u00e1s de mil personas muertas en las \u00faltimas semanas, en un contexto cada vez m\u00e1s complejo para la diplomacia internacional.<\/p>\n\n\n\n<p>En paralelo, Trump tambi\u00e9n sostuvo una llamada con Netanyahu y sugiri\u00f3 que el l\u00edder israel\u00ed podr\u00eda visitar Estados Unidos la pr\u00f3xima semana para continuar las conversaciones cara a cara.<\/p>\n","protected":false},"excerpt":{"rendered":"<p>La reciente imposici\u00f3n de aranceles por parte del presidente Donald Trump ha tensado la relaci\u00f3n entre Estados Unidos e Israel. En respuesta, el primer ministro israel\u00ed, Benjam\u00edn Netanyahu, sostuvo una llamada telef\u00f3nica con el secretario de Estado, Marco Rubio, para discutir el impacto del nuevo gravamen del 17 por ciento a las exportaciones israel\u00edes. Aunque [&hellip;]<\/p>\n","protected":false},"author":1,"featured_media":16975,"comment_status":"open","ping_status":"open","sticky":false,"template":"","format":"standard","meta":{"footnotes":""},"categories":[30,24],"tags":[3270,2870,1108,288,3810,3809,294,261,27],"class_list":{"0":"post-16974","1":"post","2":"type-post","3":"status-publish","4":"format-standard","5":"has-post-thumbnail","7":"category-de-la-region-centro","8":"category-informacion-general","9":"tag-aranceles","10":"tag-donald-trump","11":"tag-gaza","12":"tag-internacional","13":"tag-marco-rubio","14":"tag-netanyahu","15":"tag-san-luis","16":"tag-slp","17":"tag-soledad"},"_links":{"self":[{"href":"https:\/\/cronicadesoledad.com\/index.php\/wp-json\/wp\/v2\/posts\/16974","targetHints":{"allow":["GET"]}}],"collection":[{"href":"https:\/\/cronicadesoledad.com\/index.php\/wp-json\/wp\/v2\/posts"}],"about":[{"href":"https:\/\/cronicadesoledad.com\/index.php\/wp-json\/wp\/v2\/types\/post"}],"author":[{"embeddable":true,"href":"https:\/\/cronicadesoledad.com\/index.php\/wp-json\/wp\/v2\/users\/1"}],"replies":[{"embeddable":true,"href":"https:\/\/cronicadesoledad.com\/index.php\/wp-json\/wp\/v2\/comments?post=16974"}],"version-history":[{"count":1,"href":"https:\/\/cronicadesoledad.com\/index.php\/wp-json\/wp\/v2\/posts\/16974\/revisions"}],"predecessor-version":[{"id":16976,"href":"https:\/\/cronicadesoledad.com\/index.php\/wp-json\/wp\/v2\/posts\/16974\/revisions\/16976"}],"wp:featuredmedia":[{"embeddable":true,"href":"https:\/\/cronicadesoledad.com\/index.php\/wp-json\/wp\/v2\/media\/16975"}],"wp:attachment":[{"href":"https:\/\/cronicadesoledad.com\/index.php\/wp-json\/wp\/v2\/media?parent=16974"}],"wp:term":[{"taxonomy":"category","embeddable":true,"href":"https:\/\/cronicadesoledad.com\/index.php\/wp-json\/wp\/v2\/categories?post=16974"},{"taxonomy":"post_tag","embeddable":true,"href":"https:\/\/cronicadesoledad.com\/index.php\/wp-json\/wp\/v2\/tags?post=16974"}],"curies":[{"name":"wp","href":"https:\/\/api.w.org\/{rel}","templated":true}]}}