{"id":16983,"date":"2025-04-05T13:13:07","date_gmt":"2025-04-05T19:13:07","guid":{"rendered":"https:\/\/cronicadesoledad.com\/?p=16983"},"modified":"2025-04-05T13:13:07","modified_gmt":"2025-04-05T19:13:07","slug":"arranca-operativo-de-seguridad-por-semana-santa-2025-en-la-capital-potosina","status":"publish","type":"post","link":"https:\/\/cronicadesoledad.com\/index.php\/2025\/04\/05\/arranca-operativo-de-seguridad-por-semana-santa-2025-en-la-capital-potosina\/","title":{"rendered":"Arranca Operativo de Seguridad por Semana Santa 2025 en la capital potosina"},"content":{"rendered":"\n<p>Con la participaci\u00f3n de m\u00e1s de mil 500 servidores p\u00fablicos y en un trabajo coordinado entre instancias municipales, estatales y federales, este fin de semana dio inicio el Operativo de Seguridad de Semana Santa 2025 en la capital potosina.<\/p>\n\n\n\n<p>La estrategia incluye la colaboraci\u00f3n de la Secretar\u00eda de Seguridad y Protecci\u00f3n Ciudadana Municipal, la Secretar\u00eda de la Defensa Nacional (SEDENA), elementos de la Guardia Nacional, Bomberos Metropolitanos y Protecci\u00f3n Civil Municipal.<\/p>\n\n\n\n<p>El alcalde Enrique Galindo Ceballos encabez\u00f3 el arranque del operativo y subray\u00f3 la importancia de garantizar tanto la seguridad como la prestaci\u00f3n de servicios municipales durante las festividades religiosas y culturales.<\/p>\n\n\n\n<p>\u201cEl objetivo es ofrecer tranquilidad a la ciudadan\u00eda y a quienes visitan la ciudad durante esta temporada. Tenemos la responsabilidad de mantener el orden y asegurar que los eventos se desarrollen en un ambiente familiar y sin incidentes\u201d, se\u00f1al\u00f3 el edil.<\/p>\n\n\n\n<p>Dentro del plan de acci\u00f3n se contempla un ordenamiento especial del Centro Hist\u00f3rico, en el que participar\u00e1n \u00e1reas como Comercio y el DIF Municipal. En ese sentido, Galindo Ceballos anunci\u00f3 que se han suspendido permisos y vacaciones para el personal operativo a fin de mantener activo todo el recurso humano disponible.<\/p>\n\n\n\n<p>El alcalde tambi\u00e9n destac\u00f3 que los festivales realizados hasta ahora se han desarrollado en un entorno seguro, sin incidentes, y en beneficio directo de los habitantes del Centro Hist\u00f3rico, donde no se permite la venta de alcohol y se promueven actividades con horarios familiares.<\/p>\n\n\n\n<p>Finalmente, el presidente municipal reiter\u00f3 que los elementos municipales no solo estar\u00e1n encargados de la log\u00edstica y seguridad de los eventos programados, sino que tambi\u00e9n mantendr\u00e1n la vigilancia habitual en toda la ciudad, con el compromiso de ofrecer un trabajo eficiente y responsable durante toda la Semana Santa.<\/p>\n","protected":false},"excerpt":{"rendered":"<p>Con la participaci\u00f3n de m\u00e1s de mil 500 servidores p\u00fablicos y en un trabajo coordinado entre instancias municipales, estatales y federales, este fin de semana dio inicio el Operativo de Seguridad de Semana Santa 2025 en la capital potosina. La estrategia incluye la colaboraci\u00f3n de la Secretar\u00eda de Seguridad y Protecci\u00f3n Ciudadana Municipal, la Secretar\u00eda [&hellip;]<\/p>\n","protected":false},"author":1,"featured_media":16984,"comment_status":"open","ping_status":"open","sticky":false,"template":"","format":"standard","meta":{"footnotes":""},"categories":[1,24,3163,19,3080],"tags":[294,665,276,1718,261],"class_list":{"0":"post-16983","1":"post","2":"type-post","3":"status-publish","4":"format-standard","5":"has-post-thumbnail","7":"category-destacadas","8":"category-informacion-general","9":"category-san-luis-potosi","10":"category-seguridad","11":"category-slp","12":"tag-san-luis","13":"tag-sedena","14":"tag-seguridad","15":"tag-semana-santa","16":"tag-slp"},"_links":{"self":[{"href":"https:\/\/cronicadesoledad.com\/index.php\/wp-json\/wp\/v2\/posts\/16983","targetHints":{"allow":["GET"]}}],"collection":[{"href":"https:\/\/cronicadesoledad.com\/index.php\/wp-json\/wp\/v2\/posts"}],"about":[{"href":"https:\/\/cronicadesoledad.com\/index.php\/wp-json\/wp\/v2\/types\/post"}],"author":[{"embeddable":true,"href":"https:\/\/cronicadesoledad.com\/index.php\/wp-json\/wp\/v2\/users\/1"}],"replies":[{"embeddable":true,"href":"https:\/\/cronicadesoledad.com\/index.php\/wp-json\/wp\/v2\/comments?post=16983"}],"version-history":[{"count":1,"href":"https:\/\/cronicadesoledad.com\/index.php\/wp-json\/wp\/v2\/posts\/16983\/revisions"}],"predecessor-version":[{"id":16985,"href":"https:\/\/cronicadesoledad.com\/index.php\/wp-json\/wp\/v2\/posts\/16983\/revisions\/16985"}],"wp:featuredmedia":[{"embeddable":true,"href":"https:\/\/cronicadesoledad.com\/index.php\/wp-json\/wp\/v2\/media\/16984"}],"wp:attachment":[{"href":"https:\/\/cronicadesoledad.com\/index.php\/wp-json\/wp\/v2\/media?parent=16983"}],"wp:term":[{"taxonomy":"category","embeddable":true,"href":"https:\/\/cronicadesoledad.com\/index.php\/wp-json\/wp\/v2\/categories?post=16983"},{"taxonomy":"post_tag","embeddable":true,"href":"https:\/\/cronicadesoledad.com\/index.php\/wp-json\/wp\/v2\/tags?post=16983"}],"curies":[{"name":"wp","href":"https:\/\/api.w.org\/{rel}","templated":true}]}}