{"id":17002,"date":"2025-04-06T17:30:00","date_gmt":"2025-04-06T23:30:00","guid":{"rendered":"https:\/\/cronicadesoledad.com\/?p=17002"},"modified":"2025-04-06T16:46:47","modified_gmt":"2025-04-06T22:46:47","slug":"avanzan-los-trabajos-de-combate-en-el-incendio-presentado-en-el-municipio-de-xilitla-segam","status":"publish","type":"post","link":"https:\/\/cronicadesoledad.com\/index.php\/2025\/04\/06\/avanzan-los-trabajos-de-combate-en-el-incendio-presentado-en-el-municipio-de-xilitla-segam\/","title":{"rendered":"Avanzan los trabajos de combate en el incendio presentado en el municipio de Xilitla SEGAM"},"content":{"rendered":"\n<p>El Comit\u00e9 Estatal del Manejo del Fuego informa que contin\u00faan los trabajos intensos para el control del incendio forestal registrado en la Sierra de Buenavista, perteneciente al ejido de Soledad en el municipio de Xilitla.<\/p>\n\n\n\n<p>En la zona afectada se encuentra operando de manera coordinada personal de los tres niveles de gobierno, incluyendo brigadas especializadas y un helic\u00f3ptero que realiza entre cinco y seis descargas de agua por jornada.<\/p>\n\n\n\n<p>Sonia Mendoza D\u00edaz, titular de la Secretar\u00eda de Ecolog\u00eda y Gesti\u00f3n Ambiental (SEGAM), destac\u00f3 que las condiciones clim\u00e1ticas han comenzado a favorecer las labores de combate, ya que los vientos, uno de los principales factores de propagaci\u00f3n del fuego, han disminuido en intensidad.<\/p>\n\n\n\n<p>Esto ha permitido que los trabajos de contenci\u00f3n y control avancen de manera m\u00e1s segura y efectiva para los combatientes donde ya se encuentra en una fase de control del 70% y para el d\u00eda de ma\u00f1ana por la ma\u00f1ana se espera tenerlo controlado en un 80%.<\/p>\n\n\n\n<p>La funcionaria reconoci\u00f3 el esfuerzo conjunto del personal de Protecci\u00f3n Civil estatal y municipal, as\u00ed como de los elementos de la Comisi\u00f3n Nacional Forestal (CONAFOR), quienes se mantienen activos en el frente de combate. Asimismo, resalt\u00f3 la en\u00e9rgica y valiosa participaci\u00f3n de las y los voluntarios que, con gran compromiso, se han sumado a las acciones para proteger la sierra y su biodiversidad.<\/p>\n\n\n\n<p>El gobernador del estado, Ricardo Gallardo Cardona, ha reiterado que la atenci\u00f3n de los incendios forestales es una prioridad para su administraci\u00f3n, por lo que se han movilizado todos los recursos necesarios para salvaguardar la seguridad de las comunidades cercanas y la integridad de los ecosistemas naturales de San Luis Potos\u00ed.<\/p>\n","protected":false},"excerpt":{"rendered":"<p>El Comit\u00e9 Estatal del Manejo del Fuego informa que contin\u00faan los trabajos intensos para el control del incendio forestal registrado en la Sierra de Buenavista, perteneciente al ejido de Soledad en el municipio de Xilitla. En la zona afectada se encuentra operando de manera coordinada personal de los tres niveles de gobierno, incluyendo brigadas especializadas [&hellip;]<\/p>\n","protected":false},"author":1,"featured_media":17003,"comment_status":"open","ping_status":"open","sticky":false,"template":"","format":"standard","meta":{"footnotes":""},"categories":[1,24,3163,3080],"tags":[2093,294,3143,261,466],"class_list":{"0":"post-17002","1":"post","2":"type-post","3":"status-publish","4":"format-standard","5":"has-post-thumbnail","7":"category-destacadas","8":"category-informacion-general","9":"category-san-luis-potosi","10":"category-slp","11":"tag-incendios","12":"tag-san-luis","13":"tag-segam","14":"tag-slp","15":"tag-xilitla"},"_links":{"self":[{"href":"https:\/\/cronicadesoledad.com\/index.php\/wp-json\/wp\/v2\/posts\/17002","targetHints":{"allow":["GET"]}}],"collection":[{"href":"https:\/\/cronicadesoledad.com\/index.php\/wp-json\/wp\/v2\/posts"}],"about":[{"href":"https:\/\/cronicadesoledad.com\/index.php\/wp-json\/wp\/v2\/types\/post"}],"author":[{"embeddable":true,"href":"https:\/\/cronicadesoledad.com\/index.php\/wp-json\/wp\/v2\/users\/1"}],"replies":[{"embeddable":true,"href":"https:\/\/cronicadesoledad.com\/index.php\/wp-json\/wp\/v2\/comments?post=17002"}],"version-history":[{"count":2,"href":"https:\/\/cronicadesoledad.com\/index.php\/wp-json\/wp\/v2\/posts\/17002\/revisions"}],"predecessor-version":[{"id":17005,"href":"https:\/\/cronicadesoledad.com\/index.php\/wp-json\/wp\/v2\/posts\/17002\/revisions\/17005"}],"wp:featuredmedia":[{"embeddable":true,"href":"https:\/\/cronicadesoledad.com\/index.php\/wp-json\/wp\/v2\/media\/17003"}],"wp:attachment":[{"href":"https:\/\/cronicadesoledad.com\/index.php\/wp-json\/wp\/v2\/media?parent=17002"}],"wp:term":[{"taxonomy":"category","embeddable":true,"href":"https:\/\/cronicadesoledad.com\/index.php\/wp-json\/wp\/v2\/categories?post=17002"},{"taxonomy":"post_tag","embeddable":true,"href":"https:\/\/cronicadesoledad.com\/index.php\/wp-json\/wp\/v2\/tags?post=17002"}],"curies":[{"name":"wp","href":"https:\/\/api.w.org\/{rel}","templated":true}]}}