{"id":17066,"date":"2025-04-07T03:02:00","date_gmt":"2025-04-07T09:02:00","guid":{"rendered":"https:\/\/cronicadesoledad.com\/?p=17066"},"modified":"2025-04-07T01:04:48","modified_gmt":"2025-04-07T07:04:48","slug":"detienen-a-dona-carlota-y-a-sus-hijos-por-homicidio-en-chalco","status":"publish","type":"post","link":"https:\/\/cronicadesoledad.com\/index.php\/2025\/04\/07\/detienen-a-dona-carlota-y-a-sus-hijos-por-homicidio-en-chalco\/","title":{"rendered":"Detienen a do\u00f1a Carlota y a sus hijos por homicidio en Chalco"},"content":{"rendered":"\n<p>Agentes de la Fiscal\u00eda General de Justicia del Estado de M\u00e9xico (FGJ-Edomex) y de la Secretar\u00eda de Seguridad del Estado de M\u00e9xico (SSC-Edomex) ingresaron al Centro Penitenciario y de Reinserci\u00f3n Social de Chalco a Carlota \u201cN\u201d junto con sus hijos, Eduardo &#8220;N&#8221; y Mariana &#8220;N&#8221;.<\/p>\n\n\n\n<p>La Fiscal\u00eda refiri\u00f3 que de manera probable habr\u00edan intervenido en los hechos perpetrados el pasado 1 de abril, en los que dos hombres adultos fueron privados de la vida por disparo de arma de fuego y un adolescente result\u00f3 lesionado en Chalco, Edomex.<\/p>\n\n\n\n<p>&#8220;A los detenidos les fue cumplimentada orden de aprehensi\u00f3n por homicidio calificado y homicidio calificado en grado de tentativa, por lo que quedaron a disposici\u00f3n de la Autoridad Judicial, quien determinar\u00e1 su situaci\u00f3n jur\u00eddica&#8221; Inform\u00f3 la Fiscal\u00eda mexiquense<\/p>\n\n\n\n<p>En el mismo comunicado, se dio a conocer que, con respecto a la situaci\u00f3n jur\u00eddica de un inmueble relacionado con estos hechos, a las 20:36 horas del pasado jueves 27 de marzo, el Agente del Ministerio P\u00fablico adscrito al Centro de Justicia de Chalco, inici\u00f3 expediente de investigaci\u00f3n derivado de la denuncia realizada por Mariana \u201cN\u201d por la posible comisi\u00f3n del delito de despojo.<\/p>\n\n\n\n<p>La denunciante refiri\u00f3 que aproximadamente las 17:00 horas de ese d\u00eda, recibi\u00f3 una llamada telef\u00f3nica en la que le dijeron que \u201c3 personas ingresaron a su domicilio ubicado en calle Haciendo la Labor, Colonia Hacienda de Guadalupe municipio de Chalco, esos sujetos sacaron los objetos de la casa sin autorizaci\u00f3n\u201d.<\/p>\n\n\n\n<p>Posteriormente, el Agente del Ministerio P\u00fablico inici\u00f3 diversos actos de investigaci\u00f3n para el esclarecimiento de los hechos, entre los cuales solicit\u00f3 al Director de Seguridad P\u00fablica de Chalco, videograbaciones de las c\u00e1maras del lugar de los hechos, as\u00ed como la intervenci\u00f3n de perito en criminal\u00edstica.<\/p>\n\n\n\n<p>Luego de realizar las diligencias correspondientes, este 4 de abril, el Agente del Ministerio P\u00fablico determin\u00f3 conceder la posesi\u00f3n del inmueble en favor de la denunciante, no obstante, su representante legal rechaz\u00f3 la recepci\u00f3n del bien argumentando que por el momento no era de su inter\u00e9s.<\/p>\n","protected":false},"excerpt":{"rendered":"<p>Agentes de la Fiscal\u00eda General de Justicia del Estado de M\u00e9xico (FGJ-Edomex) y de la Secretar\u00eda de Seguridad del Estado de M\u00e9xico (SSC-Edomex) ingresaron al Centro Penitenciario y de Reinserci\u00f3n Social de Chalco a Carlota \u201cN\u201d junto con sus hijos, Eduardo &#8220;N&#8221; y Mariana &#8220;N&#8221;. La Fiscal\u00eda refiri\u00f3 que de manera probable habr\u00edan intervenido en [&hellip;]<\/p>\n","protected":false},"author":2,"featured_media":17067,"comment_status":"open","ping_status":"open","sticky":false,"template":"","format":"standard","meta":{"footnotes":""},"categories":[1,24,19],"tags":[3832,3833,1512,287,294,276,261,27],"class_list":{"0":"post-17066","1":"post","2":"type-post","3":"status-publish","4":"format-standard","5":"has-post-thumbnail","7":"category-destacadas","8":"category-informacion-general","9":"category-seguridad","10":"tag-chalco","11":"tag-dona-carlota","12":"tag-homicidio","13":"tag-nacional","14":"tag-san-luis","15":"tag-seguridad","16":"tag-slp","17":"tag-soledad"},"_links":{"self":[{"href":"https:\/\/cronicadesoledad.com\/index.php\/wp-json\/wp\/v2\/posts\/17066","targetHints":{"allow":["GET"]}}],"collection":[{"href":"https:\/\/cronicadesoledad.com\/index.php\/wp-json\/wp\/v2\/posts"}],"about":[{"href":"https:\/\/cronicadesoledad.com\/index.php\/wp-json\/wp\/v2\/types\/post"}],"author":[{"embeddable":true,"href":"https:\/\/cronicadesoledad.com\/index.php\/wp-json\/wp\/v2\/users\/2"}],"replies":[{"embeddable":true,"href":"https:\/\/cronicadesoledad.com\/index.php\/wp-json\/wp\/v2\/comments?post=17066"}],"version-history":[{"count":1,"href":"https:\/\/cronicadesoledad.com\/index.php\/wp-json\/wp\/v2\/posts\/17066\/revisions"}],"predecessor-version":[{"id":17068,"href":"https:\/\/cronicadesoledad.com\/index.php\/wp-json\/wp\/v2\/posts\/17066\/revisions\/17068"}],"wp:featuredmedia":[{"embeddable":true,"href":"https:\/\/cronicadesoledad.com\/index.php\/wp-json\/wp\/v2\/media\/17067"}],"wp:attachment":[{"href":"https:\/\/cronicadesoledad.com\/index.php\/wp-json\/wp\/v2\/media?parent=17066"}],"wp:term":[{"taxonomy":"category","embeddable":true,"href":"https:\/\/cronicadesoledad.com\/index.php\/wp-json\/wp\/v2\/categories?post=17066"},{"taxonomy":"post_tag","embeddable":true,"href":"https:\/\/cronicadesoledad.com\/index.php\/wp-json\/wp\/v2\/tags?post=17066"}],"curies":[{"name":"wp","href":"https:\/\/api.w.org\/{rel}","templated":true}]}}