{"id":17072,"date":"2025-04-07T03:04:00","date_gmt":"2025-04-07T09:04:00","guid":{"rendered":"https:\/\/cronicadesoledad.com\/?p=17072"},"modified":"2025-04-07T01:10:02","modified_gmt":"2025-04-07T07:10:02","slug":"cinco-potosinos-clasificados-al-nacional-de-boxeo","status":"publish","type":"post","link":"https:\/\/cronicadesoledad.com\/index.php\/2025\/04\/07\/cinco-potosinos-clasificados-al-nacional-de-boxeo\/","title":{"rendered":"Cinco potosinos clasificados al nacional de boxeo"},"content":{"rendered":"\n<p>San Luis Potos\u00ed contar\u00e1 con cinco representantes en boxeo durante la Olimpiada Nacional 2025, tras la destacada participaci\u00f3n de sus atletas en el Macro Regional celebrado en Tijuana, Baja California. Gracias al respaldo del Gobierno del Apoyo y del Instituto Potosino de Cultura F\u00edsica y Deporte (INPODE), los deportistas aseguraron su lugar en la justa nacional.<\/p>\n\n\n\n<p>Ezequiel Ram\u00edrez y \u00c1ngel Yahir Pecina obtuvieron el subcampeonato en las categor\u00edas Junior Pesado y Junior Semipesado, respectivamente. En tanto, Efr\u00e9n P\u00e9rez logr\u00f3 la clasificaci\u00f3n como campe\u00f3n de la categor\u00eda Juvenil Pluma al imponerse en la final por walkover al representante de Baja California.<\/p>\n\n\n\n<p>Tambi\u00e9n avanz\u00f3 Cristal Ram\u00edrez, quien venci\u00f3 a su rival de Tamaulipas por decisi\u00f3n un\u00e1nime en la final de la categor\u00eda Juvenil Pluma, tras superar previamente a competidoras de Durango, Coahuila y Chihuahua. Por su parte, Brenda Espino obtuvo el pase nacional al ser considerada como la mejor tercer lugar del certamen.<\/p>\n\n\n\n<p>Los cinco pugilistas potosinos buscar\u00e1n conquistar medallas en la Olimpiada Nacional que se llevar\u00e1 a cabo en Puebla durante la \u00faltima semana de junio.<\/p>\n","protected":false},"excerpt":{"rendered":"<p>San Luis Potos\u00ed contar\u00e1 con cinco representantes en boxeo durante la Olimpiada Nacional 2025, tras la destacada participaci\u00f3n de sus atletas en el Macro Regional celebrado en Tijuana, Baja California. Gracias al respaldo del Gobierno del Apoyo y del Instituto Potosino de Cultura F\u00edsica y Deporte (INPODE), los deportistas aseguraron su lugar en la justa [&hellip;]<\/p>\n","protected":false},"author":2,"featured_media":17073,"comment_status":"open","ping_status":"open","sticky":false,"template":"","format":"standard","meta":{"footnotes":""},"categories":[20,24],"tags":[3208,1981,271,287,294,261,27],"class_list":{"0":"post-17072","1":"post","2":"type-post","3":"status-publish","4":"format-standard","5":"has-post-thumbnail","7":"category-cronica-deportiva","8":"category-informacion-general","9":"tag-boxeo","10":"tag-cronica-deportiva-2","11":"tag-deporte","12":"tag-nacional","13":"tag-san-luis","14":"tag-slp","15":"tag-soledad"},"_links":{"self":[{"href":"https:\/\/cronicadesoledad.com\/index.php\/wp-json\/wp\/v2\/posts\/17072","targetHints":{"allow":["GET"]}}],"collection":[{"href":"https:\/\/cronicadesoledad.com\/index.php\/wp-json\/wp\/v2\/posts"}],"about":[{"href":"https:\/\/cronicadesoledad.com\/index.php\/wp-json\/wp\/v2\/types\/post"}],"author":[{"embeddable":true,"href":"https:\/\/cronicadesoledad.com\/index.php\/wp-json\/wp\/v2\/users\/2"}],"replies":[{"embeddable":true,"href":"https:\/\/cronicadesoledad.com\/index.php\/wp-json\/wp\/v2\/comments?post=17072"}],"version-history":[{"count":1,"href":"https:\/\/cronicadesoledad.com\/index.php\/wp-json\/wp\/v2\/posts\/17072\/revisions"}],"predecessor-version":[{"id":17074,"href":"https:\/\/cronicadesoledad.com\/index.php\/wp-json\/wp\/v2\/posts\/17072\/revisions\/17074"}],"wp:featuredmedia":[{"embeddable":true,"href":"https:\/\/cronicadesoledad.com\/index.php\/wp-json\/wp\/v2\/media\/17073"}],"wp:attachment":[{"href":"https:\/\/cronicadesoledad.com\/index.php\/wp-json\/wp\/v2\/media?parent=17072"}],"wp:term":[{"taxonomy":"category","embeddable":true,"href":"https:\/\/cronicadesoledad.com\/index.php\/wp-json\/wp\/v2\/categories?post=17072"},{"taxonomy":"post_tag","embeddable":true,"href":"https:\/\/cronicadesoledad.com\/index.php\/wp-json\/wp\/v2\/tags?post=17072"}],"curies":[{"name":"wp","href":"https:\/\/api.w.org\/{rel}","templated":true}]}}