{"id":17083,"date":"2025-04-07T03:08:00","date_gmt":"2025-04-07T09:08:00","guid":{"rendered":"https:\/\/cronicadesoledad.com\/?p=17083"},"modified":"2025-04-07T01:23:57","modified_gmt":"2025-04-07T07:23:57","slug":"julio-cesar-chavez-llena-de-esperanza-el-penal","status":"publish","type":"post","link":"https:\/\/cronicadesoledad.com\/index.php\/2025\/04\/07\/julio-cesar-chavez-llena-de-esperanza-el-penal\/","title":{"rendered":"Julio C\u00e9sar Ch\u00e1vez llena de esperanza el penal"},"content":{"rendered":"\n<p>En un evento que reuni\u00f3 a m\u00e1s de 200 personas privadas de su libertad con el objetivo de fortalecer los procesos de reinserci\u00f3n social. La pl\u00e1tica motivacional del \u00eddolo mexicano, con una historia marcada por la superaci\u00f3n personal, brind\u00f3 un mensaje de esperanza y reflexi\u00f3n para quienes enfrentan un proceso de readaptaci\u00f3n.<\/p>\n\n\n\n<p>El evento, que se realiz\u00f3 bajo el marco de una estrategia integral de reinserci\u00f3n social impulsada por el Gobierno del Estado, cont\u00f3 con la presencia del Gobernador Ricardo Gallardo Cardona, quien estuvo acompa\u00f1ado por el encargado de despacho de la Secretar\u00eda de Seguridad y Protecci\u00f3n Ciudadana (SSPCE), Jes\u00fas Ju\u00e1rez Hern\u00e1ndez. Ambos l\u00edderes expresaron su firme compromiso de ofrecer nuevas oportunidades de transformaci\u00f3n para las personas privadas de su libertad.<\/p>\n\n\n\n<p>Durante su intervenci\u00f3n, Julio C\u00e9sar Ch\u00e1vez comparti\u00f3 con los presentes su testimonio de vida, destacando c\u00f3mo las ca\u00eddas y los desaf\u00edos en su carrera fueron oportunidades para crecer y reconstruirse. \u201cSiempre hay una forma de salir adelante, a\u00fan en los momentos m\u00e1s oscuros. Ustedes tienen derecho a cambiar, a levantarse y construir un nuevo destino\u201d, dijo el campe\u00f3n, alentando a los asistentes a ver m\u00e1s all\u00e1 de sus circunstancias actuales.<\/p>\n\n\n\n<p>Finalmente, Jes\u00fas Ju\u00e1rez Hern\u00e1ndez, en su calidad de representante de la SSPCE, enfatiz\u00f3 que este tipo de actividades son parte de una estrategia de transformaci\u00f3n del sistema penitenciario. \u201cNuestro objetivo es fortalecer los procesos de reinserci\u00f3n y garantizar un trato digno y humanitario en todos los centros penitenciarios del estado\u201d, concluy\u00f3 Ju\u00e1rez Hern\u00e1ndez.<\/p>\n\n\n\n<p>Este tipo de iniciativas, que buscan inspirar y dar nuevas oportunidades a las personas privadas de su libertad, marcan un paso importante hacia una reintegraci\u00f3n social efectiva y un cambio en el enfoque del sistema penitenciario en San Luis Potos\u00ed.<\/p>\n","protected":false},"excerpt":{"rendered":"<p>En un evento que reuni\u00f3 a m\u00e1s de 200 personas privadas de su libertad con el objetivo de fortalecer los procesos de reinserci\u00f3n social. La pl\u00e1tica motivacional del \u00eddolo mexicano, con una historia marcada por la superaci\u00f3n personal, brind\u00f3 un mensaje de esperanza y reflexi\u00f3n para quienes enfrentan un proceso de readaptaci\u00f3n. El evento, que [&hellip;]<\/p>\n","protected":false},"author":2,"featured_media":17084,"comment_status":"open","ping_status":"open","sticky":false,"template":"","format":"standard","meta":{"footnotes":""},"categories":[20,1,24,19],"tags":[3207,1066,1226,294,276,261,27],"class_list":{"0":"post-17083","1":"post","2":"type-post","3":"status-publish","4":"format-standard","5":"has-post-thumbnail","7":"category-cronica-deportiva","8":"category-destacadas","9":"category-informacion-general","10":"category-seguridad","11":"tag-julio-cesar-chavez","12":"tag-la-pila","13":"tag-penal-de-la-pila","14":"tag-san-luis","15":"tag-seguridad","16":"tag-slp","17":"tag-soledad"},"_links":{"self":[{"href":"https:\/\/cronicadesoledad.com\/index.php\/wp-json\/wp\/v2\/posts\/17083","targetHints":{"allow":["GET"]}}],"collection":[{"href":"https:\/\/cronicadesoledad.com\/index.php\/wp-json\/wp\/v2\/posts"}],"about":[{"href":"https:\/\/cronicadesoledad.com\/index.php\/wp-json\/wp\/v2\/types\/post"}],"author":[{"embeddable":true,"href":"https:\/\/cronicadesoledad.com\/index.php\/wp-json\/wp\/v2\/users\/2"}],"replies":[{"embeddable":true,"href":"https:\/\/cronicadesoledad.com\/index.php\/wp-json\/wp\/v2\/comments?post=17083"}],"version-history":[{"count":1,"href":"https:\/\/cronicadesoledad.com\/index.php\/wp-json\/wp\/v2\/posts\/17083\/revisions"}],"predecessor-version":[{"id":17085,"href":"https:\/\/cronicadesoledad.com\/index.php\/wp-json\/wp\/v2\/posts\/17083\/revisions\/17085"}],"wp:featuredmedia":[{"embeddable":true,"href":"https:\/\/cronicadesoledad.com\/index.php\/wp-json\/wp\/v2\/media\/17084"}],"wp:attachment":[{"href":"https:\/\/cronicadesoledad.com\/index.php\/wp-json\/wp\/v2\/media?parent=17083"}],"wp:term":[{"taxonomy":"category","embeddable":true,"href":"https:\/\/cronicadesoledad.com\/index.php\/wp-json\/wp\/v2\/categories?post=17083"},{"taxonomy":"post_tag","embeddable":true,"href":"https:\/\/cronicadesoledad.com\/index.php\/wp-json\/wp\/v2\/tags?post=17083"}],"curies":[{"name":"wp","href":"https:\/\/api.w.org\/{rel}","templated":true}]}}