{"id":17090,"date":"2025-04-07T11:35:40","date_gmt":"2025-04-07T17:35:40","guid":{"rendered":"https:\/\/cronicadesoledad.com\/?p=17090"},"modified":"2025-04-07T11:35:41","modified_gmt":"2025-04-07T17:35:41","slug":"revisaran-concesion-del-parque-bicentenario-tras-muerte-en-festival-ceremonia","status":"publish","type":"post","link":"https:\/\/cronicadesoledad.com\/index.php\/2025\/04\/07\/revisaran-concesion-del-parque-bicentenario-tras-muerte-en-festival-ceremonia\/","title":{"rendered":"Revisar\u00e1n concesi\u00f3n del Parque Bicentenario tras muerte en Festival Ceremonia"},"content":{"rendered":"\n<p>La presidenta Claudia Sheinbaum orden\u00f3 una revisi\u00f3n inmediata de la concesi\u00f3n del Parque Bicentenario, luego del colapso de una estructura met\u00e1lica durante el Festival Ceremonia, que dej\u00f3 como saldo la muerte de los fot\u00f3grafos Berenice Giles, de 28 a\u00f1os, y Miguel Hern\u00e1ndez, de 26. El incidente ocurri\u00f3 el s\u00e1bado pasado en las instalaciones del parque, ubicado en la alcald\u00eda Miguel Hidalgo.<\/p>\n\n\n\n<p>Durante su conferencia matutina, Sheinbaum expres\u00f3 sus condolencias a los familiares de las v\u00edctimas y subray\u00f3 que no habr\u00e1 impunidad. \u201cTiene que hacerse una investigaci\u00f3n: m\u00e1s all\u00e1 de que haya sido un accidente, hay que ver c\u00f3mo estaba colocada esta estructura que se cay\u00f3\u201d, se\u00f1al\u00f3.<\/p>\n\n\n\n<p>La presidenta instruy\u00f3 a Edna Elena Vega, titular de la Secretar\u00eda de Desarrollo Agrario, Territorial y Urbano (Sedatu), revisar las condiciones bajo las cuales se otorg\u00f3 la concesi\u00f3n del parque a una empresa privada, y determinar si es viable que el gobierno recupere su administraci\u00f3n. Record\u00f3 que el espacio fue habilitado como parque tras el cierre de la refiner\u00eda de Azcapotzalco y que la concesi\u00f3n fue modificada al final del sexenio de Enrique Pe\u00f1a Nieto, cuando se transfiri\u00f3 su gesti\u00f3n al Instituto de Administraci\u00f3n y Aval\u00faos de Bienes Nacionales (Indaabin).<\/p>\n\n\n\n<p>Adem\u00e1s, Sheinbaum inform\u00f3 que Clara Brugada, jefa de Gobierno de la Ciudad de M\u00e9xico, le comunic\u00f3 que la Fiscal\u00eda General de Justicia capitalina ya inici\u00f3 una investigaci\u00f3n para esclarecer los hechos y deslindar responsabilidades. La presidenta tambi\u00e9n se\u00f1al\u00f3 que la alcald\u00eda Miguel Hidalgo, encargada de autorizar permisos para eventos en la zona, tiene un grado de responsabilidad.<\/p>\n\n\n\n<p>El domingo, ciudadanos se manifestaron frente al Parque Bicentenario para exigir justicia y la cancelaci\u00f3n del Festival Ceremonia, en protesta por lo ocurrido. Las exigencias de una revisi\u00f3n profunda sobre la seguridad en eventos masivos han cobrado fuerza en redes sociales y medios de comunicaci\u00f3n, tras la muerte de los dos j\u00f3venes trabajadores de prensa.<\/p>\n","protected":false},"excerpt":{"rendered":"<p>La presidenta Claudia Sheinbaum orden\u00f3 una revisi\u00f3n inmediata de la concesi\u00f3n del Parque Bicentenario, luego del colapso de una estructura met\u00e1lica durante el Festival Ceremonia, que dej\u00f3 como saldo la muerte de los fot\u00f3grafos Berenice Giles, de 28 a\u00f1os, y Miguel Hern\u00e1ndez, de 26. El incidente ocurri\u00f3 el s\u00e1bado pasado en las instalaciones del parque, [&hellip;]<\/p>\n","protected":false},"author":1,"featured_media":17091,"comment_status":"open","ping_status":"open","sticky":false,"template":"","format":"standard","meta":{"footnotes":""},"categories":[30,24],"tags":[619,3837,2905,287,294,261,27],"class_list":{"0":"post-17090","1":"post","2":"type-post","3":"status-publish","4":"format-standard","5":"has-post-thumbnail","7":"category-de-la-region-centro","8":"category-informacion-general","9":"tag-claudia-sheinbaum","10":"tag-festival-axe-ceremonia","11":"tag-muertos","12":"tag-nacional","13":"tag-san-luis","14":"tag-slp","15":"tag-soledad"},"_links":{"self":[{"href":"https:\/\/cronicadesoledad.com\/index.php\/wp-json\/wp\/v2\/posts\/17090","targetHints":{"allow":["GET"]}}],"collection":[{"href":"https:\/\/cronicadesoledad.com\/index.php\/wp-json\/wp\/v2\/posts"}],"about":[{"href":"https:\/\/cronicadesoledad.com\/index.php\/wp-json\/wp\/v2\/types\/post"}],"author":[{"embeddable":true,"href":"https:\/\/cronicadesoledad.com\/index.php\/wp-json\/wp\/v2\/users\/1"}],"replies":[{"embeddable":true,"href":"https:\/\/cronicadesoledad.com\/index.php\/wp-json\/wp\/v2\/comments?post=17090"}],"version-history":[{"count":1,"href":"https:\/\/cronicadesoledad.com\/index.php\/wp-json\/wp\/v2\/posts\/17090\/revisions"}],"predecessor-version":[{"id":17092,"href":"https:\/\/cronicadesoledad.com\/index.php\/wp-json\/wp\/v2\/posts\/17090\/revisions\/17092"}],"wp:featuredmedia":[{"embeddable":true,"href":"https:\/\/cronicadesoledad.com\/index.php\/wp-json\/wp\/v2\/media\/17091"}],"wp:attachment":[{"href":"https:\/\/cronicadesoledad.com\/index.php\/wp-json\/wp\/v2\/media?parent=17090"}],"wp:term":[{"taxonomy":"category","embeddable":true,"href":"https:\/\/cronicadesoledad.com\/index.php\/wp-json\/wp\/v2\/categories?post=17090"},{"taxonomy":"post_tag","embeddable":true,"href":"https:\/\/cronicadesoledad.com\/index.php\/wp-json\/wp\/v2\/tags?post=17090"}],"curies":[{"name":"wp","href":"https:\/\/api.w.org\/{rel}","templated":true}]}}