{"id":17096,"date":"2025-04-07T13:00:00","date_gmt":"2025-04-07T19:00:00","guid":{"rendered":"https:\/\/cronicadesoledad.com\/?p=17096"},"modified":"2025-04-07T11:59:42","modified_gmt":"2025-04-07T17:59:42","slug":"mujer-muere-atropellada-camino-a-misa","status":"publish","type":"post","link":"https:\/\/cronicadesoledad.com\/index.php\/2025\/04\/07\/mujer-muere-atropellada-camino-a-misa\/","title":{"rendered":"Mujer muere atropellada camino a misa"},"content":{"rendered":"\n<p>Una mujer de aproximadamente 65 a\u00f1os fue atropellada y perdi\u00f3 la vida la ma\u00f1ana del domingo en la capital potosina, cuando intentaba cruzar la avenida Fray Diego de la Magdalena, a pocos metros de la intersecci\u00f3n con Adolfo L\u00f3pez Mateos. El responsable se dio a la fuga sin auxiliarla.<\/p>\n\n\n\n<p>El incidente ocurri\u00f3 alrededor de las 7:00 horas, mientras la v\u00edctima se dirig\u00eda al templo cercano para asistir a misa, como sol\u00eda hacerlo cada domingo. El veh\u00edculo que la embisti\u00f3 circulaba a alta velocidad, seg\u00fan testigos, y tras el impacto, continu\u00f3 su camino sin detenerse.<\/p>\n\n\n\n<p>Vecinos de la zona la reconocieron y avisaron a sus familiares, quienes m\u00e1s tarde confirmaron su identidad. El cuerpo qued\u00f3 tendido sobre el pavimento hasta que arribaron elementos de seguridad y peritos de la Fiscal\u00eda General del Estado, quienes realizaron las diligencias correspondientes.<\/p>\n\n\n\n<p>La vialidad fue acordonada para permitir el levantamiento del cuerpo y recabar evidencia. Las autoridades ya investigan para localizar al conductor responsable.<\/p>\n\n\n\n<p>En ese punto de la ciudad, desde hace a\u00f1os se ha propuesto la construcci\u00f3n de un puente peatonal para reducir riesgos, pero el proyecto ha sido detenido por la oposici\u00f3n de comerciantes de la zona, quienes rechazan cualquier modificaci\u00f3n que afecte sus actividades.<\/p>\n","protected":false},"excerpt":{"rendered":"<p>Una mujer de aproximadamente 65 a\u00f1os fue atropellada y perdi\u00f3 la vida la ma\u00f1ana del domingo en la capital potosina, cuando intentaba cruzar la avenida Fray Diego de la Magdalena, a pocos metros de la intersecci\u00f3n con Adolfo L\u00f3pez Mateos. El responsable se dio a la fuga sin auxiliarla. El incidente ocurri\u00f3 alrededor de las [&hellip;]<\/p>\n","protected":false},"author":1,"featured_media":17097,"comment_status":"open","ping_status":"open","sticky":false,"template":"","format":"standard","meta":{"footnotes":""},"categories":[30,24,3163,3080],"tags":[789,3839,1819,294,261,27,958],"class_list":{"0":"post-17096","1":"post","2":"type-post","3":"status-publish","4":"format-standard","5":"has-post-thumbnail","7":"category-de-la-region-centro","8":"category-informacion-general","9":"category-san-luis-potosi","10":"category-slp","11":"tag-accidente","12":"tag-atropello","13":"tag-fge","14":"tag-san-luis","15":"tag-slp","16":"tag-soledad","17":"tag-vialidad"},"_links":{"self":[{"href":"https:\/\/cronicadesoledad.com\/index.php\/wp-json\/wp\/v2\/posts\/17096","targetHints":{"allow":["GET"]}}],"collection":[{"href":"https:\/\/cronicadesoledad.com\/index.php\/wp-json\/wp\/v2\/posts"}],"about":[{"href":"https:\/\/cronicadesoledad.com\/index.php\/wp-json\/wp\/v2\/types\/post"}],"author":[{"embeddable":true,"href":"https:\/\/cronicadesoledad.com\/index.php\/wp-json\/wp\/v2\/users\/1"}],"replies":[{"embeddable":true,"href":"https:\/\/cronicadesoledad.com\/index.php\/wp-json\/wp\/v2\/comments?post=17096"}],"version-history":[{"count":1,"href":"https:\/\/cronicadesoledad.com\/index.php\/wp-json\/wp\/v2\/posts\/17096\/revisions"}],"predecessor-version":[{"id":17098,"href":"https:\/\/cronicadesoledad.com\/index.php\/wp-json\/wp\/v2\/posts\/17096\/revisions\/17098"}],"wp:featuredmedia":[{"embeddable":true,"href":"https:\/\/cronicadesoledad.com\/index.php\/wp-json\/wp\/v2\/media\/17097"}],"wp:attachment":[{"href":"https:\/\/cronicadesoledad.com\/index.php\/wp-json\/wp\/v2\/media?parent=17096"}],"wp:term":[{"taxonomy":"category","embeddable":true,"href":"https:\/\/cronicadesoledad.com\/index.php\/wp-json\/wp\/v2\/categories?post=17096"},{"taxonomy":"post_tag","embeddable":true,"href":"https:\/\/cronicadesoledad.com\/index.php\/wp-json\/wp\/v2\/tags?post=17096"}],"curies":[{"name":"wp","href":"https:\/\/api.w.org\/{rel}","templated":true}]}}