{"id":17105,"date":"2025-04-07T18:00:00","date_gmt":"2025-04-08T00:00:00","guid":{"rendered":"https:\/\/cronicadesoledad.com\/?p=17105"},"modified":"2025-04-07T17:03:13","modified_gmt":"2025-04-07T23:03:13","slug":"nueva-falla-en-el-realito-es-la-sexta-en-cuatro-meses","status":"publish","type":"post","link":"https:\/\/cronicadesoledad.com\/index.php\/2025\/04\/07\/nueva-falla-en-el-realito-es-la-sexta-en-cuatro-meses\/","title":{"rendered":"Nueva falla en \u201cEl Realito\u201d, es la sexta en cuatro meses"},"content":{"rendered":"\n<p>Este lunes se report\u00f3 la sexta falla de \u201cEl Realito\u201d en lo que va del a\u00f1o, INTERAPAS activ\u00f3 su protocolo de atenci\u00f3n que incluye la distribuci\u00f3n de agua con pipa en las colonias dentro de su extensi\u00f3n de influencia, as\u00ed como tandeo en el suministro por red.<\/p>\n\n\n\n<p>El director general de INTERAPAS, Jorge Daniel Hern\u00e1ndez Delgadillo, instruy\u00f3 tambi\u00e9n, la activaci\u00f3n de pozos de reserva y atender de manera prioritaria las necesidades de los habitantes afectados.<\/p>\n\n\n\n<p>Algunas de las colonias que dependen de este sistema son: al oriente; Cecilia Occelli, Valle Dorado, Hermenegildo J. Aldana, Jardines de Oriente, Central, Capricornio, Esmeralda y San Patricio. Al sur, Balcones del Valle, Sat\u00e9lite, Himno Nacional 1ra. y 2da. Secci\u00f3n, mientras que en el poniente, Monterra, Terrazas del Pedregal, Miravalle, Garita de Jalisco y Colinas del Parque.<\/p>\n\n\n\n<p>INTERAPAS continuar\u00e1 con las operaciones necesarias para reducir el impacto de la falta de suministro de este sistema. La \u00faltima falla se habr\u00eda registrado apenas hace dos semanas.<\/p>\n","protected":false},"excerpt":{"rendered":"<p>Este lunes se report\u00f3 la sexta falla de \u201cEl Realito\u201d en lo que va del a\u00f1o, INTERAPAS activ\u00f3 su protocolo de atenci\u00f3n que incluye la distribuci\u00f3n de agua con pipa en las colonias dentro de su extensi\u00f3n de influencia, as\u00ed como tandeo en el suministro por red. El director general de INTERAPAS, Jorge Daniel Hern\u00e1ndez [&hellip;]<\/p>\n","protected":false},"author":1,"featured_media":17107,"comment_status":"open","ping_status":"open","sticky":false,"template":"","format":"standard","meta":{"footnotes":""},"categories":[30,24],"tags":[2655,3298,80,294,261,27],"class_list":{"0":"post-17105","1":"post","2":"type-post","3":"status-publish","4":"format-standard","5":"has-post-thumbnail","7":"category-de-la-region-centro","8":"category-informacion-general","9":"tag-el-realito","10":"tag-falla","11":"tag-interapas","12":"tag-san-luis","13":"tag-slp","14":"tag-soledad"},"_links":{"self":[{"href":"https:\/\/cronicadesoledad.com\/index.php\/wp-json\/wp\/v2\/posts\/17105","targetHints":{"allow":["GET"]}}],"collection":[{"href":"https:\/\/cronicadesoledad.com\/index.php\/wp-json\/wp\/v2\/posts"}],"about":[{"href":"https:\/\/cronicadesoledad.com\/index.php\/wp-json\/wp\/v2\/types\/post"}],"author":[{"embeddable":true,"href":"https:\/\/cronicadesoledad.com\/index.php\/wp-json\/wp\/v2\/users\/1"}],"replies":[{"embeddable":true,"href":"https:\/\/cronicadesoledad.com\/index.php\/wp-json\/wp\/v2\/comments?post=17105"}],"version-history":[{"count":1,"href":"https:\/\/cronicadesoledad.com\/index.php\/wp-json\/wp\/v2\/posts\/17105\/revisions"}],"predecessor-version":[{"id":17108,"href":"https:\/\/cronicadesoledad.com\/index.php\/wp-json\/wp\/v2\/posts\/17105\/revisions\/17108"}],"wp:featuredmedia":[{"embeddable":true,"href":"https:\/\/cronicadesoledad.com\/index.php\/wp-json\/wp\/v2\/media\/17107"}],"wp:attachment":[{"href":"https:\/\/cronicadesoledad.com\/index.php\/wp-json\/wp\/v2\/media?parent=17105"}],"wp:term":[{"taxonomy":"category","embeddable":true,"href":"https:\/\/cronicadesoledad.com\/index.php\/wp-json\/wp\/v2\/categories?post=17105"},{"taxonomy":"post_tag","embeddable":true,"href":"https:\/\/cronicadesoledad.com\/index.php\/wp-json\/wp\/v2\/tags?post=17105"}],"curies":[{"name":"wp","href":"https:\/\/api.w.org\/{rel}","templated":true}]}}