{"id":17120,"date":"2025-04-07T19:30:00","date_gmt":"2025-04-08T01:30:00","guid":{"rendered":"https:\/\/cronicadesoledad.com\/?p=17120"},"modified":"2025-04-07T17:41:11","modified_gmt":"2025-04-07T23:41:11","slug":"piden-sanciones-a-quienes-provoquen-incendios","status":"publish","type":"post","link":"https:\/\/cronicadesoledad.com\/index.php\/2025\/04\/07\/piden-sanciones-a-quienes-provoquen-incendios\/","title":{"rendered":"Piden sanciones a quienes provoquen incendios"},"content":{"rendered":"\n<p>La diputada Mar\u00eda Leticia V\u00e1zquez Hern\u00e1ndez, presidenta de la Comisi\u00f3n Primera de Justicia, indic\u00f3 que en breve ser\u00e1 analizada la iniciativa de reforma al C\u00f3digo Penal del Estado, presentada por el Gobernador Ricardo Gallardo Cardona, para incrementar para las sanciones aplicables a los delitos de da\u00f1o en las cosas, cuando su medio de comisi\u00f3n sea por incendio y de manera negligente o dolosa, reconociendo con ello, la gravedad de sus consecuencias.<\/p>\n\n\n\n<p>De esta manera, se propone imponer una sanci\u00f3n de hasta quince a\u00f1os de prisi\u00f3n, y sanci\u00f3n pecuniaria de hasta mil d\u00edas del valor de la unidad de medida y actualizaci\u00f3n, a quien il\u00edcitamente ocasione uno o m\u00e1s incendios que da\u00f1en: una \u00e1rea natural protegida o \u00e1rea de valor ambiental de competencia del Estado, de conformidad con las disposiciones jur\u00eddicas aplicables; el suelo de conservaci\u00f3n en t\u00e9rminos de lo establecido en el programa o programas de ordenamiento ecol\u00f3gico del Estado o municipios aplicables, as\u00ed como lo establecido en el Programa o Programas de desarrollo Urbano aplicables.<\/p>\n\n\n\n<p>Adem\u00e1s, que sea da\u00f1ada una barranca, un \u00e1rea verde en suelo urbano; predios bald\u00edos con vegetaci\u00f3n susceptible a incendios o acumulaci\u00f3n de basura, ya sea en suelo urbano o rural, que representen un riesgo para la salud p\u00fablica, el ambiente o la seguridad de las comunidades vecinas; infraestructura ecol\u00f3gica urbana, como techos verdes, boh\u00edos, muros verdes o proyectos de restauraci\u00f3n ambiental en desarrollo, cuya afectaci\u00f3n por incendios ocasione da\u00f1os ambientales o sociales significativos; zonas de pastizales y matorrales; e inmuebles en general.<\/p>\n\n\n\n<p>Las penas previstas se aumentar\u00e1n en una mitad cuando el \u00e1rea afectada sea igual o mayor a 1 hect\u00e1rea o se afecten recursos forestales maderables en una cantidad igual o mayor a mil metros c\u00fabicos rollo total \u00e1rbol.<\/p>\n\n\n\n<p>\u201cEsta iniciativa que nos env\u00eda el Gobernador respecto a los incendios forestales es una prioridad para el Congreso del Estado, sacarla adelante lo m\u00e1s pronto posible, porque todo el Estado tenemos much\u00edsimos incendios y hay que castigar a quien est\u00e9 provocando estos incendios, debido a que las investigaciones que se han hecho, muchos de ellos o la mayor parte han sido por situaciones humanas\u201d.<\/p>\n\n\n\n<p>En la iniciativa se indica que los incendios forestales representan una amenaza seria para la vida de las personas; y econ\u00f3micamente, representan p\u00e9rdidas significativas al da\u00f1ar cultivos, \u00e1reas protegidas y recursos naturales esenciales para la econom\u00eda local, adem\u00e1s de requerir recursos considerables para su combate y restauraci\u00f3n.&nbsp;<\/p>\n\n\n\n<p>Adem\u00e1s, estas reformas buscan promover el respeto hacia el medio ambiente e incentivar pr\u00e1cticas responsables en sectores sociales y econ\u00f3micos, consolidando una legislaci\u00f3n que reafirme el compromiso con la justicia, sostenibilidad y la protecci\u00f3n del legado com\u00fan del Estado de San Luis Potos\u00ed.<\/p>\n\n\n\n<p>La legisladora reiter\u00f3 que ante la situaci\u00f3n de incendios forestales que se han vivido en los \u00faltimos d\u00edas en diferentes zonas del estado, es importante fortalecer las medidas de prevenci\u00f3n entre la poblaci\u00f3n para evitar dejar fogatas encendidas, colillas de cigarros o botellas que puedan generar el efecto lupa, y que pueda ser el detonante de un incendio de grandes&nbsp; magnitudes que afecte a la flora y fauna, y ocasione da\u00f1os a la salud de las personas.&nbsp;<\/p>\n\n\n\n<p>\u201cEste llamado lo estamos haciendo a la poblaci\u00f3n para que tambi\u00e9n de manera preventiva cuidemos nuestros bosques, cuidemos nuestras carreteras, ya que debido a que una colilla de cigarro o alguna botella de vidrio que por ah\u00ed aventemos, eso puede generar un efecto lupa o empezar a incendiar por ah\u00ed nuestros pastizales\u201d.<\/p>\n","protected":false},"excerpt":{"rendered":"<p>La diputada Mar\u00eda Leticia V\u00e1zquez Hern\u00e1ndez, presidenta de la Comisi\u00f3n Primera de Justicia, indic\u00f3 que en breve ser\u00e1 analizada la iniciativa de reforma al C\u00f3digo Penal del Estado, presentada por el Gobernador Ricardo Gallardo Cardona, para incrementar para las sanciones aplicables a los delitos de da\u00f1o en las cosas, cuando su medio de comisi\u00f3n sea [&hellip;]<\/p>\n","protected":false},"author":1,"featured_media":17121,"comment_status":"open","ping_status":"open","sticky":false,"template":"","format":"standard","meta":{"footnotes":""},"categories":[30,24,3163,3080],"tags":[2876,2093,294,3843,261,27],"class_list":{"0":"post-17120","1":"post","2":"type-post","3":"status-publish","4":"format-standard","5":"has-post-thumbnail","7":"category-de-la-region-centro","8":"category-informacion-general","9":"category-san-luis-potosi","10":"category-slp","11":"tag-congreso","12":"tag-incendios","13":"tag-san-luis","14":"tag-sanciones","15":"tag-slp","16":"tag-soledad"},"_links":{"self":[{"href":"https:\/\/cronicadesoledad.com\/index.php\/wp-json\/wp\/v2\/posts\/17120","targetHints":{"allow":["GET"]}}],"collection":[{"href":"https:\/\/cronicadesoledad.com\/index.php\/wp-json\/wp\/v2\/posts"}],"about":[{"href":"https:\/\/cronicadesoledad.com\/index.php\/wp-json\/wp\/v2\/types\/post"}],"author":[{"embeddable":true,"href":"https:\/\/cronicadesoledad.com\/index.php\/wp-json\/wp\/v2\/users\/1"}],"replies":[{"embeddable":true,"href":"https:\/\/cronicadesoledad.com\/index.php\/wp-json\/wp\/v2\/comments?post=17120"}],"version-history":[{"count":1,"href":"https:\/\/cronicadesoledad.com\/index.php\/wp-json\/wp\/v2\/posts\/17120\/revisions"}],"predecessor-version":[{"id":17122,"href":"https:\/\/cronicadesoledad.com\/index.php\/wp-json\/wp\/v2\/posts\/17120\/revisions\/17122"}],"wp:featuredmedia":[{"embeddable":true,"href":"https:\/\/cronicadesoledad.com\/index.php\/wp-json\/wp\/v2\/media\/17121"}],"wp:attachment":[{"href":"https:\/\/cronicadesoledad.com\/index.php\/wp-json\/wp\/v2\/media?parent=17120"}],"wp:term":[{"taxonomy":"category","embeddable":true,"href":"https:\/\/cronicadesoledad.com\/index.php\/wp-json\/wp\/v2\/categories?post=17120"},{"taxonomy":"post_tag","embeddable":true,"href":"https:\/\/cronicadesoledad.com\/index.php\/wp-json\/wp\/v2\/tags?post=17120"}],"curies":[{"name":"wp","href":"https:\/\/api.w.org\/{rel}","templated":true}]}}