{"id":17202,"date":"2025-04-08T22:05:43","date_gmt":"2025-04-09T04:05:43","guid":{"rendered":"https:\/\/cronicadesoledad.com\/?p=17202"},"modified":"2025-04-08T22:05:44","modified_gmt":"2025-04-09T04:05:44","slug":"alistan-proyecto-de-remodelacion-del-rastro-municipal","status":"publish","type":"post","link":"https:\/\/cronicadesoledad.com\/index.php\/2025\/04\/08\/alistan-proyecto-de-remodelacion-del-rastro-municipal\/","title":{"rendered":"Alistan proyecto de remodelaci\u00f3n del Rastro Municipal"},"content":{"rendered":"\n<p>Para mejorar los servicios p\u00fablicos a la ciudadan\u00eda de Soledad de Graciano S\u00e1nchez, as\u00ed como abonar al impulso del sector ganadero, el Gobierno Municipal tiene listo el proyecto de rehabilitaci\u00f3n y remodelaci\u00f3n de las instalaciones del Rastro Municipal, que tendr\u00e1 una inversi\u00f3n bipartita de 30 millones de pesos y contempla mejoras integrales en infraestructura y procesos de producci\u00f3n.<\/p>\n\n\n\n<p>Bernardo Sol\u00eds Serv\u00edn, responsable del Rastro Municipal, destac\u00f3 que dando seguimiento a las directrices de Alcalde Juan Manuel Navarro Mu\u00f1iz, una vez concretado este proyecto, se beneficiar\u00e1 directamente a las familias productoras del municipio, al ser un inter\u00e9s primordial de esta administraci\u00f3n municipal, el fortalecer la cercan\u00eda con el sector rural y facilitar su desarrollo.<\/p>\n\n\n\n<p>Explic\u00f3 que este proyecto tambi\u00e9n busca ampliar las instalaciones existentes, permitiendo que m\u00e1s personas utilicen el servicio para el sacrificio de animales, garantizando as\u00ed un proceso m\u00e1s pr\u00e1ctico y c\u00f3modo. &#8220;El rastro se convertir\u00e1 en un espacio m\u00e1s accesible y eficiente, beneficiando tanto a los productores como a la comunidad en general&#8221;.<\/p>\n\n\n\n<p>Entre las mejoras contempladas, detall\u00f3 que se encuentran la ampliaci\u00f3n de corrales, cisternas y c\u00e1maras de refrigeraci\u00f3n, as\u00ed como la adquisici\u00f3n de nuevo equipamiento, con las que adem\u00e1s de mejorar la capacidad del Rastro, tambi\u00e9n elevar\u00e1n los est\u00e1ndares de higiene y seguridad, fundamentales en estos procesos.<\/p>\n\n\n\n<p>Subray\u00f3 que el edil, Navarro Mu\u00f1iz, pronto arrancar\u00e1 formalmente los trabajos de remodelaci\u00f3n, al ser un plan de acci\u00f3n que deber\u00e1 concretarse este mismo a\u00f1o, y reafirm\u00f3 que durante a\u00f1os este centro de matanza no hab\u00eda recibido un proyecto de esta magnitud, lo que representa un acierto de este Gobierno municipal en favor de la poblaci\u00f3n.<\/p>\n\n\n\n<p>Por \u00faltimo, destac\u00f3 que actualmente, cerca de 250 personas se benefician con este centro de sacrificio animal, y se espera que, con estos avances, adem\u00e1s de continuar cumpliendo con la demanda actual de una manera eficaz y eficiente, tambi\u00e9n se posicione como un referente en la regi\u00f3n en cuanto a servicios relacionados con la producci\u00f3n pecuaria.<\/p>\n","protected":false},"excerpt":{"rendered":"<p>Para mejorar los servicios p\u00fablicos a la ciudadan\u00eda de Soledad de Graciano S\u00e1nchez, as\u00ed como abonar al impulso del sector ganadero, el Gobierno Municipal tiene listo el proyecto de rehabilitaci\u00f3n y remodelaci\u00f3n de las instalaciones del Rastro Municipal, que tendr\u00e1 una inversi\u00f3n bipartita de 30 millones de pesos y contempla mejoras integrales en infraestructura y [&hellip;]<\/p>\n","protected":false},"author":2,"featured_media":17203,"comment_status":"open","ping_status":"open","sticky":false,"template":"","format":"standard","meta":{"footnotes":""},"categories":[1,24,21],"tags":[223,999,294,261,27],"class_list":{"0":"post-17202","1":"post","2":"type-post","3":"status-publish","4":"format-standard","5":"has-post-thumbnail","7":"category-destacadas","8":"category-informacion-general","9":"category-tu-soledad","10":"tag-ayuntamiento-soledense","11":"tag-rastro-municipal","12":"tag-san-luis","13":"tag-slp","14":"tag-soledad"},"_links":{"self":[{"href":"https:\/\/cronicadesoledad.com\/index.php\/wp-json\/wp\/v2\/posts\/17202","targetHints":{"allow":["GET"]}}],"collection":[{"href":"https:\/\/cronicadesoledad.com\/index.php\/wp-json\/wp\/v2\/posts"}],"about":[{"href":"https:\/\/cronicadesoledad.com\/index.php\/wp-json\/wp\/v2\/types\/post"}],"author":[{"embeddable":true,"href":"https:\/\/cronicadesoledad.com\/index.php\/wp-json\/wp\/v2\/users\/2"}],"replies":[{"embeddable":true,"href":"https:\/\/cronicadesoledad.com\/index.php\/wp-json\/wp\/v2\/comments?post=17202"}],"version-history":[{"count":1,"href":"https:\/\/cronicadesoledad.com\/index.php\/wp-json\/wp\/v2\/posts\/17202\/revisions"}],"predecessor-version":[{"id":17204,"href":"https:\/\/cronicadesoledad.com\/index.php\/wp-json\/wp\/v2\/posts\/17202\/revisions\/17204"}],"wp:featuredmedia":[{"embeddable":true,"href":"https:\/\/cronicadesoledad.com\/index.php\/wp-json\/wp\/v2\/media\/17203"}],"wp:attachment":[{"href":"https:\/\/cronicadesoledad.com\/index.php\/wp-json\/wp\/v2\/media?parent=17202"}],"wp:term":[{"taxonomy":"category","embeddable":true,"href":"https:\/\/cronicadesoledad.com\/index.php\/wp-json\/wp\/v2\/categories?post=17202"},{"taxonomy":"post_tag","embeddable":true,"href":"https:\/\/cronicadesoledad.com\/index.php\/wp-json\/wp\/v2\/tags?post=17202"}],"curies":[{"name":"wp","href":"https:\/\/api.w.org\/{rel}","templated":true}]}}