{"id":17229,"date":"2025-04-09T12:07:26","date_gmt":"2025-04-09T18:07:26","guid":{"rendered":"https:\/\/cronicadesoledad.com\/?p=17229"},"modified":"2025-04-09T12:07:27","modified_gmt":"2025-04-09T18:07:27","slug":"procesion-del-silencio-se-realizara-el-18-de-abril","status":"publish","type":"post","link":"https:\/\/cronicadesoledad.com\/index.php\/2025\/04\/09\/procesion-del-silencio-se-realizara-el-18-de-abril\/","title":{"rendered":"Procesi\u00f3n del Silencio se realizar\u00e1 el 18 de abril"},"content":{"rendered":"\n<p>El pr\u00f3ximo viernes 18 de abril, San Luis Potos\u00ed volver\u00e1 a guardar silencio. A partir de las 19:50 horas, las calles del Centro Hist\u00f3rico se convertir\u00e1n en escenario de una de las expresiones m\u00e1s significativas de la Semana Santa en M\u00e9xico: la Procesi\u00f3n del Silencio.<\/p>\n\n\n\n<p>El recorrido de este 2025 iniciar\u00e1 en la calle Viller\u00edas a las 20:00 horas, seguir\u00e1 por Universidad, y alcanzar\u00e1 la calle Galeana a las 20:30. Una hora despu\u00e9s, avanzar\u00e1 por Independencia y luego tomar\u00e1 avenida Carranza. La Plaza de Armas recibir\u00e1 a las cofrad\u00edas alrededor de las 22:00 horas, antes de concluir el trayecto en Manuel Jos\u00e9 Oth\u00f3n. Para quienes no puedan asistir en persona, el evento ser\u00e1 transmitido en vivo a trav\u00e9s de la p\u00e1gina de Facebook Semana Santa en San Luis.<\/p>\n\n\n\n<p>Presenciar este acto requiere disposici\u00f3n y respeto. Se recomienda llegar temprano para encontrar un buen lugar, respetar los espacios reservados, y ubicar los puntos de atenci\u00f3n m\u00e9dica o de seguridad. Tambi\u00e9n se aconseja llevar ropa c\u00f3moda, hidratarse y consultar el pron\u00f3stico del tiempo. Pero, sobre todo, se pide mantener el silencio como forma de respeto a quienes caminan en se\u00f1al de fe o penitencia.<\/p>\n\n\n\n<p>Desde 1953, San Luis Potos\u00ed ha sido escenario de esta manifestaci\u00f3n religiosa en honor a la Virgen de la Soledad. La procesi\u00f3n ha trascendido lo local, atrayendo cada a\u00f1o a miles de personas de distintas partes del pa\u00eds y del mundo. Algunos de los participantes caminan descalzos o con cadenas, cumpliendo promesas o rituales personales, guiados por sus creencias y con la aprobaci\u00f3n de sus asesores religiosos.<\/p>\n\n\n\n<p>M\u00e1s all\u00e1 del recorrido, la Procesi\u00f3n del Silencio est\u00e1 cargada de s\u00edmbolos. La Cruz de Gu\u00eda encabeza cada cofrad\u00eda, con dise\u00f1os que las distinguen. El teponaxtle y la chirim\u00eda, tocados por m\u00fasicos de Mexquitic de Carmona, marcan el ritmo con un sonido que conecta con el pasado prehisp\u00e1nico. Y entre los rostros cubiertos y t\u00fanicas, destaca La Ver\u00f3nica, figura que recuerda el acto de compasi\u00f3n hacia Cristo.<\/p>\n","protected":false},"excerpt":{"rendered":"<p>El pr\u00f3ximo viernes 18 de abril, San Luis Potos\u00ed volver\u00e1 a guardar silencio. A partir de las 19:50 horas, las calles del Centro Hist\u00f3rico se convertir\u00e1n en escenario de una de las expresiones m\u00e1s significativas de la Semana Santa en M\u00e9xico: la Procesi\u00f3n del Silencio. El recorrido de este 2025 iniciar\u00e1 en la calle Viller\u00edas [&hellip;]<\/p>\n","protected":false},"author":1,"featured_media":17230,"comment_status":"open","ping_status":"open","sticky":false,"template":"","format":"standard","meta":{"footnotes":""},"categories":[30,24,3163,3080],"tags":[334,3695,294,1718,261,27],"class_list":{"0":"post-17229","1":"post","2":"type-post","3":"status-publish","4":"format-standard","5":"has-post-thumbnail","7":"category-de-la-region-centro","8":"category-informacion-general","9":"category-san-luis-potosi","10":"category-slp","11":"tag-cultura","12":"tag-procesion-del-silencio","13":"tag-san-luis","14":"tag-semana-santa","15":"tag-slp","16":"tag-soledad"},"_links":{"self":[{"href":"https:\/\/cronicadesoledad.com\/index.php\/wp-json\/wp\/v2\/posts\/17229","targetHints":{"allow":["GET"]}}],"collection":[{"href":"https:\/\/cronicadesoledad.com\/index.php\/wp-json\/wp\/v2\/posts"}],"about":[{"href":"https:\/\/cronicadesoledad.com\/index.php\/wp-json\/wp\/v2\/types\/post"}],"author":[{"embeddable":true,"href":"https:\/\/cronicadesoledad.com\/index.php\/wp-json\/wp\/v2\/users\/1"}],"replies":[{"embeddable":true,"href":"https:\/\/cronicadesoledad.com\/index.php\/wp-json\/wp\/v2\/comments?post=17229"}],"version-history":[{"count":1,"href":"https:\/\/cronicadesoledad.com\/index.php\/wp-json\/wp\/v2\/posts\/17229\/revisions"}],"predecessor-version":[{"id":17231,"href":"https:\/\/cronicadesoledad.com\/index.php\/wp-json\/wp\/v2\/posts\/17229\/revisions\/17231"}],"wp:featuredmedia":[{"embeddable":true,"href":"https:\/\/cronicadesoledad.com\/index.php\/wp-json\/wp\/v2\/media\/17230"}],"wp:attachment":[{"href":"https:\/\/cronicadesoledad.com\/index.php\/wp-json\/wp\/v2\/media?parent=17229"}],"wp:term":[{"taxonomy":"category","embeddable":true,"href":"https:\/\/cronicadesoledad.com\/index.php\/wp-json\/wp\/v2\/categories?post=17229"},{"taxonomy":"post_tag","embeddable":true,"href":"https:\/\/cronicadesoledad.com\/index.php\/wp-json\/wp\/v2\/tags?post=17229"}],"curies":[{"name":"wp","href":"https:\/\/api.w.org\/{rel}","templated":true}]}}