{"id":17235,"date":"2025-04-09T14:06:10","date_gmt":"2025-04-09T20:06:10","guid":{"rendered":"https:\/\/cronicadesoledad.com\/?p=17235"},"modified":"2025-04-09T14:06:11","modified_gmt":"2025-04-09T20:06:11","slug":"autoridades-mantienen-operativo-por-semana-santa","status":"publish","type":"post","link":"https:\/\/cronicadesoledad.com\/index.php\/2025\/04\/09\/autoridades-mantienen-operativo-por-semana-santa\/","title":{"rendered":"Autoridades mantienen operativo por Semana Santa"},"content":{"rendered":"\n<p>Este mi\u00e9rcoles, autoridades estatales y federales dieron seguimiento al operativo \u201cSemana Santa Segura 2025\u201d como parte de los trabajos coordinados en materia de seguridad y protecci\u00f3n civil en San Luis Potos\u00ed. La reuni\u00f3n fue encabezada por Jes\u00fas Ju\u00e1rez Hern\u00e1ndez, titular de la Secretar\u00eda de Seguridad y Protecci\u00f3n Ciudadana del Estado, en el marco de la Mesa de Coordinaci\u00f3n para la Construcci\u00f3n de la Paz Social.<\/p>\n\n\n\n<p>El operativo contempla la participaci\u00f3n de instancias de los tres niveles de gobierno con presencia permanente en zonas tur\u00edsticas clave, particularmente en parajes naturales como r\u00edos, cascadas y balnearios de las regiones Huasteca y Media, as\u00ed como en pueblos m\u00e1gicos y el Centro Hist\u00f3rico de la capital.<\/p>\n\n\n\n<p>Seg\u00fan se inform\u00f3, la misi\u00f3n es salvaguardar a la poblaci\u00f3n local y a los visitantes nacionales e internacionales durante el periodo vacacional. El dispositivo incluye servicios de seguridad, rescate y auxilio en carretera, a trav\u00e9s de la Divisi\u00f3n Caminos de la Guardia Civil Estatal, con el objetivo de ofrecer orientaci\u00f3n y atenci\u00f3n inmediata en caso de emergencia.<\/p>\n","protected":false},"excerpt":{"rendered":"<p>Este mi\u00e9rcoles, autoridades estatales y federales dieron seguimiento al operativo \u201cSemana Santa Segura 2025\u201d como parte de los trabajos coordinados en materia de seguridad y protecci\u00f3n civil en San Luis Potos\u00ed. La reuni\u00f3n fue encabezada por Jes\u00fas Ju\u00e1rez Hern\u00e1ndez, titular de la Secretar\u00eda de Seguridad y Protecci\u00f3n Ciudadana del Estado, en el marco de la [&hellip;]<\/p>\n","protected":false},"author":1,"featured_media":17236,"comment_status":"open","ping_status":"open","sticky":false,"template":"","format":"standard","meta":{"footnotes":""},"categories":[30,24],"tags":[3838,294,276,1718,261,27,547],"class_list":{"0":"post-17235","1":"post","2":"type-post","3":"status-publish","4":"format-standard","5":"has-post-thumbnail","7":"category-de-la-region-centro","8":"category-informacion-general","9":"tag-jesus-hernandez","10":"tag-san-luis","11":"tag-seguridad","12":"tag-semana-santa","13":"tag-slp","14":"tag-soledad","15":"tag-sspce"},"_links":{"self":[{"href":"https:\/\/cronicadesoledad.com\/index.php\/wp-json\/wp\/v2\/posts\/17235","targetHints":{"allow":["GET"]}}],"collection":[{"href":"https:\/\/cronicadesoledad.com\/index.php\/wp-json\/wp\/v2\/posts"}],"about":[{"href":"https:\/\/cronicadesoledad.com\/index.php\/wp-json\/wp\/v2\/types\/post"}],"author":[{"embeddable":true,"href":"https:\/\/cronicadesoledad.com\/index.php\/wp-json\/wp\/v2\/users\/1"}],"replies":[{"embeddable":true,"href":"https:\/\/cronicadesoledad.com\/index.php\/wp-json\/wp\/v2\/comments?post=17235"}],"version-history":[{"count":1,"href":"https:\/\/cronicadesoledad.com\/index.php\/wp-json\/wp\/v2\/posts\/17235\/revisions"}],"predecessor-version":[{"id":17237,"href":"https:\/\/cronicadesoledad.com\/index.php\/wp-json\/wp\/v2\/posts\/17235\/revisions\/17237"}],"wp:featuredmedia":[{"embeddable":true,"href":"https:\/\/cronicadesoledad.com\/index.php\/wp-json\/wp\/v2\/media\/17236"}],"wp:attachment":[{"href":"https:\/\/cronicadesoledad.com\/index.php\/wp-json\/wp\/v2\/media?parent=17235"}],"wp:term":[{"taxonomy":"category","embeddable":true,"href":"https:\/\/cronicadesoledad.com\/index.php\/wp-json\/wp\/v2\/categories?post=17235"},{"taxonomy":"post_tag","embeddable":true,"href":"https:\/\/cronicadesoledad.com\/index.php\/wp-json\/wp\/v2\/tags?post=17235"}],"curies":[{"name":"wp","href":"https:\/\/api.w.org\/{rel}","templated":true}]}}