{"id":17242,"date":"2025-04-09T15:30:00","date_gmt":"2025-04-09T21:30:00","guid":{"rendered":"https:\/\/cronicadesoledad.com\/?p=17242"},"modified":"2025-04-09T20:31:01","modified_gmt":"2025-04-10T02:31:01","slug":"aumentan-los-casos-de-bullying-en-escuelas","status":"publish","type":"post","link":"https:\/\/cronicadesoledad.com\/index.php\/2025\/04\/09\/aumentan-los-casos-de-bullying-en-escuelas\/","title":{"rendered":"Aumentan los casos de bullying en escuelas"},"content":{"rendered":"\n<p>El acoso escolar sigue en aumento en San Luis Potos\u00ed, con un promedio de entre 10 y 12 casos reportados cada semana en planteles de nivel b\u00e1sico y medio superior. As\u00ed lo indican los registros de la Secretar\u00eda de Educaci\u00f3n del Gobierno del Estado (SEGE), que atribuye este crecimiento a una mayor cultura de denuncia y a la habilitaci\u00f3n de canales para reportar estas situaciones.<\/p>\n\n\n\n<p>Sin embargo, las cifras no van acompa\u00f1adas de estrategias efectivas para enfrentar el problema. Aunque se ofrecen atenciones psicol\u00f3gicas a estudiantes involucrados, estas intervenciones son limitadas y reactivas. No hay un modelo de prevenci\u00f3n sostenido ni acciones que apunten a cambios estructurales dentro de las escuelas.<\/p>\n\n\n\n<p>La SEGE ha afirmado que no se han registrado casos de abandono escolar como consecuencia directa del bullying, pero s\u00ed ha reconocido la necesidad de reubicar a estudiantes a otros grupos o planteles. M\u00e1s que soluciones de fondo, estas medidas parecen estar enfocadas en separar a las partes sin abordar el origen del conflicto.<\/p>\n\n\n\n<p>Mientras tanto, el acoso contin\u00faa siendo parte de la experiencia cotidiana de muchos estudiantes. La falta de un enfoque integral que incluya formaci\u00f3n docente, acompa\u00f1amiento a las familias y participaci\u00f3n comunitaria deja a ni\u00f1as, ni\u00f1os y adolescentes en una situaci\u00f3n de vulnerabilidad dentro del sistema educativo.<\/p>\n","protected":false},"excerpt":{"rendered":"<p>El acoso escolar sigue en aumento en San Luis Potos\u00ed, con un promedio de entre 10 y 12 casos reportados cada semana en planteles de nivel b\u00e1sico y medio superior. As\u00ed lo indican los registros de la Secretar\u00eda de Educaci\u00f3n del Gobierno del Estado (SEGE), que atribuye este crecimiento a una mayor cultura de denuncia [&hellip;]<\/p>\n","protected":false},"author":1,"featured_media":17243,"comment_status":"open","ping_status":"open","sticky":false,"template":"","format":"standard","meta":{"footnotes":""},"categories":[30,1,24,3163,3080],"tags":[3332,320,294,945,261,27],"class_list":{"0":"post-17242","1":"post","2":"type-post","3":"status-publish","4":"format-standard","5":"has-post-thumbnail","7":"category-de-la-region-centro","8":"category-destacadas","9":"category-informacion-general","10":"category-san-luis-potosi","11":"category-slp","12":"tag-bullying","13":"tag-educacion","14":"tag-san-luis","15":"tag-sege","16":"tag-slp","17":"tag-soledad"},"_links":{"self":[{"href":"https:\/\/cronicadesoledad.com\/index.php\/wp-json\/wp\/v2\/posts\/17242","targetHints":{"allow":["GET"]}}],"collection":[{"href":"https:\/\/cronicadesoledad.com\/index.php\/wp-json\/wp\/v2\/posts"}],"about":[{"href":"https:\/\/cronicadesoledad.com\/index.php\/wp-json\/wp\/v2\/types\/post"}],"author":[{"embeddable":true,"href":"https:\/\/cronicadesoledad.com\/index.php\/wp-json\/wp\/v2\/users\/1"}],"replies":[{"embeddable":true,"href":"https:\/\/cronicadesoledad.com\/index.php\/wp-json\/wp\/v2\/comments?post=17242"}],"version-history":[{"count":1,"href":"https:\/\/cronicadesoledad.com\/index.php\/wp-json\/wp\/v2\/posts\/17242\/revisions"}],"predecessor-version":[{"id":17244,"href":"https:\/\/cronicadesoledad.com\/index.php\/wp-json\/wp\/v2\/posts\/17242\/revisions\/17244"}],"wp:featuredmedia":[{"embeddable":true,"href":"https:\/\/cronicadesoledad.com\/index.php\/wp-json\/wp\/v2\/media\/17243"}],"wp:attachment":[{"href":"https:\/\/cronicadesoledad.com\/index.php\/wp-json\/wp\/v2\/media?parent=17242"}],"wp:term":[{"taxonomy":"category","embeddable":true,"href":"https:\/\/cronicadesoledad.com\/index.php\/wp-json\/wp\/v2\/categories?post=17242"},{"taxonomy":"post_tag","embeddable":true,"href":"https:\/\/cronicadesoledad.com\/index.php\/wp-json\/wp\/v2\/tags?post=17242"}],"curies":[{"name":"wp","href":"https:\/\/api.w.org\/{rel}","templated":true}]}}