{"id":17254,"date":"2025-04-09T17:00:00","date_gmt":"2025-04-09T23:00:00","guid":{"rendered":"https:\/\/cronicadesoledad.com\/?p=17254"},"modified":"2025-04-09T16:11:50","modified_gmt":"2025-04-09T22:11:50","slug":"sspc-de-la-capital-suspende-a-elemento-vinculado-a-un-hecho-delictivo","status":"publish","type":"post","link":"https:\/\/cronicadesoledad.com\/index.php\/2025\/04\/09\/sspc-de-la-capital-suspende-a-elemento-vinculado-a-un-hecho-delictivo\/","title":{"rendered":"SSPC de la Capital suspende a elemento vinculado a un hecho delictivo"},"content":{"rendered":"\n<p>La Secretar\u00eda de Seguridad y Protecci\u00f3n Ciudadana (SSPC) de la Capital informa que ha suspendido a un elemento de la Direcci\u00f3n de Guardia Municipal, vinculado a un hecho delictivo ocurrido en su \u00e1mbito personal, sin relaci\u00f3n con sus funciones oficiales, en el municipio de Soledad de Graciano S\u00e1nchez.<\/p>\n\n\n\n<p>Se informa que, en el momento de los hechos, el elemento se encontraba fuera de servicio a causa de una incapacidad m\u00e9dica.<\/p>\n\n\n\n<p>La Fiscal\u00eda General del Estado lleva a cabo un proceso de investigaci\u00f3n y determinar\u00e1 lo conducente, mientras que la Subdirecci\u00f3n de Asuntos Jur\u00eddicos y la Comisi\u00f3n de Honor y Justicia de la SSPC integran el expediente para llevar a cabo el procedimiento correspondiente de suspensi\u00f3n del elemento.<\/p>\n\n\n\n<p>De manera firme, la Secretar\u00eda de Seguridad y Protecci\u00f3n Ciudadana de la Capital reitera que no tolerar\u00e1 conductas que atenten contra la seguridad ciudadana, pues se antepondr\u00e1n los principios \u00e9ticos y legales de sus elementos.<\/p>\n\n\n\n<p>La SSPC de la Capital estar\u00e1 atenta al proceso de investigaci\u00f3n que realiza la Fiscal\u00eda General del Estado, para colaborar en lo que sea necesario.<\/p>\n","protected":false},"excerpt":{"rendered":"<p>La Secretar\u00eda de Seguridad y Protecci\u00f3n Ciudadana (SSPC) de la Capital informa que ha suspendido a un elemento de la Direcci\u00f3n de Guardia Municipal, vinculado a un hecho delictivo ocurrido en su \u00e1mbito personal, sin relaci\u00f3n con sus funciones oficiales, en el municipio de Soledad de Graciano S\u00e1nchez. Se informa que, en el momento de [&hellip;]<\/p>\n","protected":false},"author":1,"featured_media":17255,"comment_status":"open","ping_status":"open","sticky":false,"template":"","format":"standard","meta":{"footnotes":""},"categories":[30,24],"tags":[1819,294,276,261,27,460],"class_list":{"0":"post-17254","1":"post","2":"type-post","3":"status-publish","4":"format-standard","5":"has-post-thumbnail","7":"category-de-la-region-centro","8":"category-informacion-general","9":"tag-fge","10":"tag-san-luis","11":"tag-seguridad","12":"tag-slp","13":"tag-soledad","14":"tag-sspc"},"_links":{"self":[{"href":"https:\/\/cronicadesoledad.com\/index.php\/wp-json\/wp\/v2\/posts\/17254","targetHints":{"allow":["GET"]}}],"collection":[{"href":"https:\/\/cronicadesoledad.com\/index.php\/wp-json\/wp\/v2\/posts"}],"about":[{"href":"https:\/\/cronicadesoledad.com\/index.php\/wp-json\/wp\/v2\/types\/post"}],"author":[{"embeddable":true,"href":"https:\/\/cronicadesoledad.com\/index.php\/wp-json\/wp\/v2\/users\/1"}],"replies":[{"embeddable":true,"href":"https:\/\/cronicadesoledad.com\/index.php\/wp-json\/wp\/v2\/comments?post=17254"}],"version-history":[{"count":1,"href":"https:\/\/cronicadesoledad.com\/index.php\/wp-json\/wp\/v2\/posts\/17254\/revisions"}],"predecessor-version":[{"id":17256,"href":"https:\/\/cronicadesoledad.com\/index.php\/wp-json\/wp\/v2\/posts\/17254\/revisions\/17256"}],"wp:featuredmedia":[{"embeddable":true,"href":"https:\/\/cronicadesoledad.com\/index.php\/wp-json\/wp\/v2\/media\/17255"}],"wp:attachment":[{"href":"https:\/\/cronicadesoledad.com\/index.php\/wp-json\/wp\/v2\/media?parent=17254"}],"wp:term":[{"taxonomy":"category","embeddable":true,"href":"https:\/\/cronicadesoledad.com\/index.php\/wp-json\/wp\/v2\/categories?post=17254"},{"taxonomy":"post_tag","embeddable":true,"href":"https:\/\/cronicadesoledad.com\/index.php\/wp-json\/wp\/v2\/tags?post=17254"}],"curies":[{"name":"wp","href":"https:\/\/api.w.org\/{rel}","templated":true}]}}